{"id":10103,"date":"2023-02-19T18:36:41","date_gmt":"2023-02-19T17:36:41","guid":{"rendered":"https:\/\/cplorenzogoicoa.educacion.navarra.es\/blogs\/?p=10103"},"modified":"2025-05-08T14:08:27","modified_gmt":"2025-05-08T12:08:27","slug":"dia-de-la-paz","status":"publish","type":"post","link":"https:\/\/cplorenzogoicoa.educacion.navarra.es\/blogs\/blog\/2023\/02\/19\/dia-de-la-paz\/","title":{"rendered":"D\u00eda de la paz"},"content":{"rendered":"\n<figure class=\"wp-block-image size-large is-style-default\"><a href=\"https:\/\/cplorenzogoicoa.educacion.navarra.es\/blogs\/wp-content\/uploads\/2023\/02\/IMG-20230130-WA0008-1.jpg\"><img loading=\"lazy\" width=\"1024\" height=\"516\" src=\"https:\/\/cplorenzogoicoa.educacion.navarra.es\/blogs\/wp-content\/uploads\/2023\/02\/IMG-20230130-WA0008-1-1024x516.jpg\" alt=\"\" class=\"wp-image-10104\" srcset=\"https:\/\/cplorenzogoicoa.educacion.navarra.es\/blogs\/wp-content\/uploads\/2023\/02\/IMG-20230130-WA0008-1-1024x516.jpg 1024w, https:\/\/cplorenzogoicoa.educacion.navarra.es\/blogs\/wp-content\/uploads\/2023\/02\/IMG-20230130-WA0008-1-300x151.jpg 300w, https:\/\/cplorenzogoicoa.educacion.navarra.es\/blogs\/wp-content\/uploads\/2023\/02\/IMG-20230130-WA0008-1-768x387.jpg 768w, https:\/\/cplorenzogoicoa.educacion.navarra.es\/blogs\/wp-content\/uploads\/2023\/02\/IMG-20230130-WA0008-1-1536x774.jpg 1536w, https:\/\/cplorenzogoicoa.educacion.navarra.es\/blogs\/wp-content\/uploads\/2023\/02\/IMG-20230130-WA0008-1.jpg 1689w\" sizes=\"(max-width: 1024px) 100vw, 1024px\" \/><\/a><figcaption><br><a href=\"https:\/\/photos.app.goo.gl\/kM1BPpjbMQ9LQRNu5\">https:\/\/photos.app.goo.gl\/kM1BPpjbMQ9LQRNu5<\/a><\/figcaption><\/figure>\n\n\n\n<p>Pincha en el enlace para ver las fotos y los v\u00eddeos de la celebraci\u00f3n del D\u00eda de la Paz en el centro.<\/p>\n","protected":false},"excerpt":{"rendered":"<p>Pincha en el enlace para ver las fotos y los v\u00eddeos de la celebraci\u00f3n del D\u00eda de la Paz en el centro.<\/p>\n","protected":false},"author":1,"featured_media":0,"comment_status":"open","ping_status":"open","sticky":false,"template":"","format":"standard","meta":[],"categories":[1],"tags":[],"_links":{"self":[{"href":"https:\/\/cplorenzogoicoa.educacion.navarra.es\/blogs\/wp-json\/wp\/v2\/posts\/10103"}],"collection":[{"href":"https:\/\/cplorenzogoicoa.educacion.navarra.es\/blogs\/wp-json\/wp\/v2\/posts"}],"about":[{"href":"https:\/\/cplorenzogoicoa.educacion.navarra.es\/blogs\/wp-json\/wp\/v2\/types\/post"}],"author":[{"embeddable":true,"href":"https:\/\/cplorenzogoicoa.educacion.navarra.es\/blogs\/wp-json\/wp\/v2\/users\/1"}],"replies":[{"embeddable":true,"href":"https:\/\/cplorenzogoicoa.educacion.navarra.es\/blogs\/wp-json\/wp\/v2\/comments?post=10103"}],"version-history":[{"count":2,"href":"https:\/\/cplorenzogoicoa.educacion.navarra.es\/blogs\/wp-json\/wp\/v2\/posts\/10103\/revisions"}],"predecessor-version":[{"id":10106,"href":"https:\/\/cplorenzogoicoa.educacion.navarra.es\/blogs\/wp-json\/wp\/v2\/posts\/10103\/revisions\/10106"}],"wp:attachment":[{"href":"https:\/\/cplorenzogoicoa.educacion.navarra.es\/blogs\/wp-json\/wp\/v2\/media?parent=10103"}],"wp:term":[{"taxonomy":"category","embeddable":true,"href":"https:\/\/cplorenzogoicoa.educacion.navarra.es\/blogs\/wp-json\/wp\/v2\/categories?post=10103"},{"taxonomy":"post_tag","embeddable":true,"href":"https:\/\/cplorenzogoicoa.educacion.navarra.es\/blogs\/wp-json\/wp\/v2\/tags?post=10103"}],"curies":[{"name":"wp","href":"https:\/\/api.w.org\/{rel}","templated":true}]}}