{"id":10238,"date":"2023-04-23T14:28:39","date_gmt":"2023-04-23T12:28:39","guid":{"rendered":"https:\/\/cplorenzogoicoa.educacion.navarra.es\/blogs\/?p=10238"},"modified":"2025-05-08T13:55:30","modified_gmt":"2025-05-08T11:55:30","slug":"dia-del-libro-4o-de-primaria","status":"publish","type":"post","link":"https:\/\/cplorenzogoicoa.educacion.navarra.es\/blogs\/blog\/2023\/04\/23\/dia-del-libro-4o-de-primaria\/","title":{"rendered":"D\u00cdA DEL LIBRO 4\u00ba DE PRIMARIA-1\u00ba y 2\u00ba de EDUCACI\u00d3N INFANTIL"},"content":{"rendered":"\n<p>Para conmemorar las actividades de la semana del d\u00eda del libro el alumnado de 4\u00ba baj\u00f3 a leer cuentos a las clases de 3 y 4 a\u00f1os. Trajeron de sus casas libros que les hab\u00edan le\u00eddo de peque\u00f1os y as\u00ed tambi\u00e9n recordaron esa bonita etapa de sus vidas.<\/p>\n\n\n\n<p><strong><a href=\"https:\/\/photos.app.goo.gl\/XSJ6h7n2PRqxsGq46\">FOTOGRAF\u00cdAS<\/a><\/strong><\/p>\n","protected":false},"excerpt":{"rendered":"<p>Para conmemorar las actividades de la semana del d\u00eda del libro el alumnado de 4\u00ba baj\u00f3 a leer cuentos a las clases de 3 y 4 a\u00f1os. Trajeron de sus casas libros que les hab\u00edan le\u00eddo de peque\u00f1os y as\u00ed tambi\u00e9n recordaron esa bonita etapa de sus vidas. FOTOGRAF\u00cdAS<\/p>\n","protected":false},"author":16,"featured_media":0,"comment_status":"open","ping_status":"open","sticky":false,"template":"","format":"standard","meta":[],"categories":[1],"tags":[],"_links":{"self":[{"href":"https:\/\/cplorenzogoicoa.educacion.navarra.es\/blogs\/wp-json\/wp\/v2\/posts\/10238"}],"collection":[{"href":"https:\/\/cplorenzogoicoa.educacion.navarra.es\/blogs\/wp-json\/wp\/v2\/posts"}],"about":[{"href":"https:\/\/cplorenzogoicoa.educacion.navarra.es\/blogs\/wp-json\/wp\/v2\/types\/post"}],"author":[{"embeddable":true,"href":"https:\/\/cplorenzogoicoa.educacion.navarra.es\/blogs\/wp-json\/wp\/v2\/users\/16"}],"replies":[{"embeddable":true,"href":"https:\/\/cplorenzogoicoa.educacion.navarra.es\/blogs\/wp-json\/wp\/v2\/comments?post=10238"}],"version-history":[{"count":2,"href":"https:\/\/cplorenzogoicoa.educacion.navarra.es\/blogs\/wp-json\/wp\/v2\/posts\/10238\/revisions"}],"predecessor-version":[{"id":10240,"href":"https:\/\/cplorenzogoicoa.educacion.navarra.es\/blogs\/wp-json\/wp\/v2\/posts\/10238\/revisions\/10240"}],"wp:attachment":[{"href":"https:\/\/cplorenzogoicoa.educacion.navarra.es\/blogs\/wp-json\/wp\/v2\/media?parent=10238"}],"wp:term":[{"taxonomy":"category","embeddable":true,"href":"https:\/\/cplorenzogoicoa.educacion.navarra.es\/blogs\/wp-json\/wp\/v2\/categories?post=10238"},{"taxonomy":"post_tag","embeddable":true,"href":"https:\/\/cplorenzogoicoa.educacion.navarra.es\/blogs\/wp-json\/wp\/v2\/tags?post=10238"}],"curies":[{"name":"wp","href":"https:\/\/api.w.org\/{rel}","templated":true}]}}