{"id":11146,"date":"2025-05-08T13:12:07","date_gmt":"2025-05-08T11:12:07","guid":{"rendered":"https:\/\/cplorenzogoicoa.educacion.navarra.es\/blogs\/?p=11146"},"modified":"2025-05-08T13:12:12","modified_gmt":"2025-05-08T11:12:12","slug":"vivencias-marzo-2025-batas-verdes","status":"publish","type":"post","link":"https:\/\/cplorenzogoicoa.educacion.navarra.es\/blogs\/blog\/2025\/05\/08\/vivencias-marzo-2025-batas-verdes\/","title":{"rendered":"VIVENCIAS MARZO 2025 BATAS VERDES"},"content":{"rendered":"\n<p>\u00a1Hola equipo!<\/p>\n\n\n\n<p>Este mes, aunque hayamos tenido unos d\u00edas de descanso, lo hemos aprovechado al m\u00e1ximo.<\/p>\n\n\n\n<p>Hemos comenzado con los talleres internivelares. Os dejamos el enlace de las fotos, por si no las hab\u00e9is visto ya en el blog: <a href=\"https:\/\/photos.app.goo.gl\/e2gac17eUWKnhnud8\" data-type=\"URL\" data-id=\"https:\/\/photos.app.goo.gl\/e2gac17eUWKnhnud8\" target=\"_blank\" rel=\"noreferrer noopener\">Talleres<\/a><\/p>\n\n\n\n<p>Tambi\u00e9n hemos estrenado de manera oficial el \u00abAtelier\u00bb un espacio que estamos disfrutando much\u00edsimo. <a rel=\"noreferrer noopener\" href=\"https:\/\/photos.app.goo.gl\/mnMGGkjt4u3UEVW59\" data-type=\"URL\" data-id=\"https:\/\/photos.app.goo.gl\/mnMGGkjt4u3UEVW59\" target=\"_blank\">Fotos Atelier<\/a> (Se ir\u00e1n sumando fotos a este \u00e1lbum seg\u00fan vayamos utilizando el Atelier).<\/p>\n\n\n\n<p>Y, como siempre, seguimos disfrutando de nuestras actividades, experimentos, d\u00edas especiales y vivencias en el aula.<\/p>\n\n\n\n<p>Os dejamos todo esto en el siguiente \u00e1lbum de fotos:<\/p>\n\n\n\n<p><a href=\"https:\/\/photos.app.goo.gl\/Wt7dFWHZhh4xAv6U7\" data-type=\"URL\" data-id=\"https:\/\/photos.app.goo.gl\/Wt7dFWHZhh4xAv6U7\" target=\"_blank\" rel=\"noreferrer noopener\">VIVENCIAS MARZO<\/a><\/p>\n","protected":false},"excerpt":{"rendered":"<p>\u00a1Hola equipo! Este mes, aunque hayamos tenido unos d\u00edas de descanso, lo hemos aprovechado al m\u00e1ximo. Hemos comenzado con los talleres internivelares. Os dejamos el enlace de las fotos, por si no las hab\u00e9is visto ya en el blog: Talleres Tambi\u00e9n hemos estrenado de manera oficial el \u00abAtelier\u00bb un espacio que estamos disfrutando much\u00edsimo. Fotos &hellip; <a href=\"https:\/\/cplorenzogoicoa.educacion.navarra.es\/blogs\/blog\/2025\/05\/08\/vivencias-marzo-2025-batas-verdes\/\" class=\"more-link\">Seguir leyendo <span class=\"screen-reader-text\">VIVENCIAS MARZO 2025 BATAS VERDES<\/span> <span class=\"meta-nav\">&rarr;<\/span><\/a><\/p>\n","protected":false},"author":5,"featured_media":0,"comment_status":"open","ping_status":"open","sticky":false,"template":"","format":"standard","meta":[],"categories":[54,51],"tags":[],"_links":{"self":[{"href":"https:\/\/cplorenzogoicoa.educacion.navarra.es\/blogs\/wp-json\/wp\/v2\/posts\/11146"}],"collection":[{"href":"https:\/\/cplorenzogoicoa.educacion.navarra.es\/blogs\/wp-json\/wp\/v2\/posts"}],"about":[{"href":"https:\/\/cplorenzogoicoa.educacion.navarra.es\/blogs\/wp-json\/wp\/v2\/types\/post"}],"author":[{"embeddable":true,"href":"https:\/\/cplorenzogoicoa.educacion.navarra.es\/blogs\/wp-json\/wp\/v2\/users\/5"}],"replies":[{"embeddable":true,"href":"https:\/\/cplorenzogoicoa.educacion.navarra.es\/blogs\/wp-json\/wp\/v2\/comments?post=11146"}],"version-history":[{"count":3,"href":"https:\/\/cplorenzogoicoa.educacion.navarra.es\/blogs\/wp-json\/wp\/v2\/posts\/11146\/revisions"}],"predecessor-version":[{"id":11149,"href":"https:\/\/cplorenzogoicoa.educacion.navarra.es\/blogs\/wp-json\/wp\/v2\/posts\/11146\/revisions\/11149"}],"wp:attachment":[{"href":"https:\/\/cplorenzogoicoa.educacion.navarra.es\/blogs\/wp-json\/wp\/v2\/media?parent=11146"}],"wp:term":[{"taxonomy":"category","embeddable":true,"href":"https:\/\/cplorenzogoicoa.educacion.navarra.es\/blogs\/wp-json\/wp\/v2\/categories?post=11146"},{"taxonomy":"post_tag","embeddable":true,"href":"https:\/\/cplorenzogoicoa.educacion.navarra.es\/blogs\/wp-json\/wp\/v2\/tags?post=11146"}],"curies":[{"name":"wp","href":"https:\/\/api.w.org\/{rel}","templated":true}]}}