{"id":2235,"date":"2014-12-09T18:00:15","date_gmt":"2014-12-09T17:00:15","guid":{"rendered":"http:\/\/cplorenzogoicoa.educacion.navarra.es\/blogs\/?p=2235"},"modified":"2025-05-09T12:29:47","modified_gmt":"2025-05-09T10:29:47","slug":"renovacion-parcial-del-consejo-escolar-cpeip-lorenzo-goicoa","status":"publish","type":"post","link":"https:\/\/cplorenzogoicoa.educacion.navarra.es\/blogs\/blog\/2014\/12\/09\/renovacion-parcial-del-consejo-escolar-cpeip-lorenzo-goicoa\/","title":{"rendered":"Renovaci\u00f3n parcial del Consejo Escolar CPEIP Lorenzo Goicoa"},"content":{"rendered":"<ul>\n<li><a title=\"consejo escolar\" href=\"https:\/\/drive.google.com\/file\/d\/0B5M-ojIrAJCAQWNuM3ZDUzRDN0U\/view?usp=sharing\" target=\"_blank\" rel=\"noopener\">Circular &nbsp;con &nbsp;la proclamaci\u00f3n de candidatos &nbsp;al Consejo Escolar.<\/a><\/li>\n<li>Renovaci\u00f3n parcial del Consejo Escolar.<\/li>\n<\/ul>\n<p><a title=\"Consejo Escolar\" href=\"https:\/\/drive.google.com\/file\/d\/0B5M-ojIrAJCAZllVVnhFNzFnQ0E\/view?usp=sharing\" target=\"_blank\" rel=\"noopener\"><img loading=\"lazy\" class=\"alignnone size-medium wp-image-2236\" src=\"http:\/\/cplorenzogoicoa.educacion.navarra.es\/blogs\/wp-content\/uploads\/2014\/11\/Captura-de-pantalla-completa-10112014-174012-300x187.jpg\" alt=\"Captura de pantalla completa 10112014 174012\" width=\"300\" height=\"187\" srcset=\"https:\/\/cplorenzogoicoa.educacion.navarra.es\/blogs\/wp-content\/uploads\/2014\/11\/Captura-de-pantalla-completa-10112014-174012-300x187.jpg 300w, https:\/\/cplorenzogoicoa.educacion.navarra.es\/blogs\/wp-content\/uploads\/2014\/11\/Captura-de-pantalla-completa-10112014-174012.jpg 640w\" sizes=\"(max-width: 300px) 100vw, 300px\" \/><\/a><\/p>\n<ul>\n<li><a title=\"acta\" href=\"https:\/\/drive.google.com\/file\/d\/0B5M-ojIrAJCAdVlBWGNRS1V5Yjg\/view?usp=sharing\" target=\"_blank\" rel=\"noopener\">Acta de proclamaci\u00f3n de los candidatos<\/a>.<\/li>\n<li><a title=\"circular\" href=\"https:\/\/drive.google.com\/file\/d\/0B5M-ojIrAJCAZ2NtVVBoSkw0Slk\/view?usp=sharing\" target=\"_blank\" rel=\"noopener\">Circular a las familias con los candidatos&nbsp;<\/a>.<\/li>\n<\/ul>\n","protected":false},"excerpt":{"rendered":"<p>Circular &nbsp;con &nbsp;la proclamaci\u00f3n de candidatos &nbsp;al Consejo Escolar. Renovaci\u00f3n parcial del Consejo Escolar. Acta de proclamaci\u00f3n de los candidatos. Circular a las familias con los candidatos&nbsp;.<\/p>\n","protected":false},"author":1,"featured_media":0,"comment_status":"open","ping_status":"open","sticky":false,"template":"","format":"standard","meta":[],"categories":[1],"tags":[],"_links":{"self":[{"href":"https:\/\/cplorenzogoicoa.educacion.navarra.es\/blogs\/wp-json\/wp\/v2\/posts\/2235"}],"collection":[{"href":"https:\/\/cplorenzogoicoa.educacion.navarra.es\/blogs\/wp-json\/wp\/v2\/posts"}],"about":[{"href":"https:\/\/cplorenzogoicoa.educacion.navarra.es\/blogs\/wp-json\/wp\/v2\/types\/post"}],"author":[{"embeddable":true,"href":"https:\/\/cplorenzogoicoa.educacion.navarra.es\/blogs\/wp-json\/wp\/v2\/users\/1"}],"replies":[{"embeddable":true,"href":"https:\/\/cplorenzogoicoa.educacion.navarra.es\/blogs\/wp-json\/wp\/v2\/comments?post=2235"}],"version-history":[{"count":5,"href":"https:\/\/cplorenzogoicoa.educacion.navarra.es\/blogs\/wp-json\/wp\/v2\/posts\/2235\/revisions"}],"predecessor-version":[{"id":12028,"href":"https:\/\/cplorenzogoicoa.educacion.navarra.es\/blogs\/wp-json\/wp\/v2\/posts\/2235\/revisions\/12028"}],"wp:attachment":[{"href":"https:\/\/cplorenzogoicoa.educacion.navarra.es\/blogs\/wp-json\/wp\/v2\/media?parent=2235"}],"wp:term":[{"taxonomy":"category","embeddable":true,"href":"https:\/\/cplorenzogoicoa.educacion.navarra.es\/blogs\/wp-json\/wp\/v2\/categories?post=2235"},{"taxonomy":"post_tag","embeddable":true,"href":"https:\/\/cplorenzogoicoa.educacion.navarra.es\/blogs\/wp-json\/wp\/v2\/tags?post=2235"}],"curies":[{"name":"wp","href":"https:\/\/api.w.org\/{rel}","templated":true}]}}