{"id":2712,"date":"2015-03-02T10:35:38","date_gmt":"2015-03-02T09:35:38","guid":{"rendered":"http:\/\/cplorenzogoicoa.educacion.navarra.es\/blogs\/?p=2712"},"modified":"2025-05-09T12:25:08","modified_gmt":"2025-05-09T10:25:08","slug":"semana-blanca-6o-e-primaria-del-2-al-6-de-marzo","status":"publish","type":"post","link":"https:\/\/cplorenzogoicoa.educacion.navarra.es\/blogs\/blog\/2015\/03\/02\/semana-blanca-6o-e-primaria-del-2-al-6-de-marzo\/","title":{"rendered":"Semana Blanca 6\u00ba E.Primaria, del 2 al 6 de marzo"},"content":{"rendered":"<p><a title=\"campa\u00f1a esqu\u00ed\" href=\"http:\/\/www.esquiescolar.com\/es\/introduccion.php\" target=\"_blank\" rel=\"noopener\">Esqu\u00ed de fondo 2015- XXXI Campa\u00f1a escolar<\/a><\/p>\n<p><a title=\"fotos esqu\u00ed\" href=\"https:\/\/picasaweb.google.com\/109184809070055327206\/2DeMarzoDe2015?authkey=Gv1sRgCJL1qsOw-82FvgE#slideshow\/6121568180582345426\" target=\"_blank\" rel=\"noopener\"><img loading=\"lazy\" class=\"alignnone size-medium wp-image-2713\" src=\"http:\/\/cplorenzogoicoa.educacion.navarra.es\/blogs\/wp-content\/uploads\/2015\/03\/IMG-20150302-WA0001-300x169.jpg\" alt=\"IMG-20150302-WA0001\" width=\"300\" height=\"169\" srcset=\"https:\/\/cplorenzogoicoa.educacion.navarra.es\/blogs\/wp-content\/uploads\/2015\/03\/IMG-20150302-WA0001-300x169.jpg 300w, https:\/\/cplorenzogoicoa.educacion.navarra.es\/blogs\/wp-content\/uploads\/2015\/03\/IMG-20150302-WA0001.jpg 640w\" sizes=\"(max-width: 300px) 100vw, 300px\" \/><\/a><\/p>\n<p>&nbsp;<\/p>\n<p><strong>D\u00eda &nbsp;2 de marzo<\/strong><\/p>\n<p>&nbsp;<\/p>\n<p><a title=\"d\u00eda3\" href=\"https:\/\/picasaweb.google.com\/109184809070055327206\/3DeMarzoDe2015?authkey=Gv1sRgCNzx2-Xl_sTtJw#slideshow\/6122022828047777010\" target=\"_blank\" rel=\"noopener\"><img loading=\"lazy\" class=\"alignnone size-medium wp-image-2717\" src=\"http:\/\/cplorenzogoicoa.educacion.navarra.es\/blogs\/wp-content\/uploads\/2015\/03\/IMG-20150303-WA0011-300x169.jpg\" alt=\"IMG-20150303-WA0011\" width=\"300\" height=\"169\" srcset=\"https:\/\/cplorenzogoicoa.educacion.navarra.es\/blogs\/wp-content\/uploads\/2015\/03\/IMG-20150303-WA0011-300x169.jpg 300w, https:\/\/cplorenzogoicoa.educacion.navarra.es\/blogs\/wp-content\/uploads\/2015\/03\/IMG-20150303-WA0011.jpg 640w\" sizes=\"(max-width: 300px) 100vw, 300px\" \/><\/a><\/p>\n<p><strong>D\u00eda 3 de marzo<\/strong><\/p>\n<p><a title=\"d\u00eda 4 y 5\" href=\"https:\/\/picasaweb.google.com\/109184809070055327206\/5DeMarzoDe2015?authkey=Gv1sRgCNu5xJrS0PSkQQ#slideshow\/6122773343971656338\" target=\"_blank\" rel=\"noopener\"><img loading=\"lazy\" class=\"alignnone size-medium wp-image-2725\" src=\"http:\/\/cplorenzogoicoa.educacion.navarra.es\/blogs\/wp-content\/uploads\/2015\/03\/IMG-20150305-WA0044-300x225.jpg\" alt=\"IMG-20150305-WA0044\" width=\"300\" height=\"225\" srcset=\"https:\/\/cplorenzogoicoa.educacion.navarra.es\/blogs\/wp-content\/uploads\/2015\/03\/IMG-20150305-WA0044-300x225.jpg 300w, https:\/\/cplorenzogoicoa.educacion.navarra.es\/blogs\/wp-content\/uploads\/2015\/03\/IMG-20150305-WA0044.jpg 640w\" sizes=\"(max-width: 300px) 100vw, 300px\" \/><\/a><\/p>\n<p><strong>D\u00eda 4 y 5 de marzo<\/strong><\/p>\n","protected":false},"excerpt":{"rendered":"<p>Esqu\u00ed de fondo 2015- XXXI Campa\u00f1a escolar &nbsp; D\u00eda &nbsp;2 de marzo &nbsp; D\u00eda 3 de marzo D\u00eda 4 y 5 de marzo<\/p>\n","protected":false},"author":1,"featured_media":0,"comment_status":"open","ping_status":"open","sticky":false,"template":"","format":"standard","meta":[],"categories":[1],"tags":[],"_links":{"self":[{"href":"https:\/\/cplorenzogoicoa.educacion.navarra.es\/blogs\/wp-json\/wp\/v2\/posts\/2712"}],"collection":[{"href":"https:\/\/cplorenzogoicoa.educacion.navarra.es\/blogs\/wp-json\/wp\/v2\/posts"}],"about":[{"href":"https:\/\/cplorenzogoicoa.educacion.navarra.es\/blogs\/wp-json\/wp\/v2\/types\/post"}],"author":[{"embeddable":true,"href":"https:\/\/cplorenzogoicoa.educacion.navarra.es\/blogs\/wp-json\/wp\/v2\/users\/1"}],"replies":[{"embeddable":true,"href":"https:\/\/cplorenzogoicoa.educacion.navarra.es\/blogs\/wp-json\/wp\/v2\/comments?post=2712"}],"version-history":[{"count":5,"href":"https:\/\/cplorenzogoicoa.educacion.navarra.es\/blogs\/wp-json\/wp\/v2\/posts\/2712\/revisions"}],"predecessor-version":[{"id":12004,"href":"https:\/\/cplorenzogoicoa.educacion.navarra.es\/blogs\/wp-json\/wp\/v2\/posts\/2712\/revisions\/12004"}],"wp:attachment":[{"href":"https:\/\/cplorenzogoicoa.educacion.navarra.es\/blogs\/wp-json\/wp\/v2\/media?parent=2712"}],"wp:term":[{"taxonomy":"category","embeddable":true,"href":"https:\/\/cplorenzogoicoa.educacion.navarra.es\/blogs\/wp-json\/wp\/v2\/categories?post=2712"},{"taxonomy":"post_tag","embeddable":true,"href":"https:\/\/cplorenzogoicoa.educacion.navarra.es\/blogs\/wp-json\/wp\/v2\/tags?post=2712"}],"curies":[{"name":"wp","href":"https:\/\/api.w.org\/{rel}","templated":true}]}}