{"id":2980,"date":"2015-05-15T12:33:16","date_gmt":"2015-05-15T10:33:16","guid":{"rendered":"http:\/\/cplorenzogoicoa.educacion.navarra.es\/blogs\/?p=2980"},"modified":"2025-05-09T12:22:06","modified_gmt":"2025-05-09T10:22:06","slug":"dia-del-libro-1o-ei","status":"publish","type":"post","link":"https:\/\/cplorenzogoicoa.educacion.navarra.es\/blogs\/blog\/2015\/05\/15\/dia-del-libro-1o-ei\/","title":{"rendered":"D\u00eda del Libro, 1\u00ba EI"},"content":{"rendered":"<p>Aunque con un poco de retraso, aqu\u00ed ten\u00e9is las fotos del d\u00eda del libro.<\/p>\n<p style=\"text-align: center;\"><a href=\"https:\/\/picasaweb.google.com\/100372762047860976803\/DiaDelLibro?authkey=Gv1sRgCN6TpIqazZGppwE\" target=\"_blank\" rel=\"noopener\"><img loading=\"lazy\" class=\"gphoto-album-cover-img aligncenter\" src=\"https:\/\/lh3.googleusercontent.com\/-KP7qmnx7z9U\/VUs2rDTU7EE\/AAAAAAAAFlk\/ECf4DLkRn1c\/s144-c\/DiaDelLibro.jpg\" alt=\"\" width=\"144\" height=\"144\"><\/a>Muchas gracias a los voluntarios<\/p>\n","protected":false},"excerpt":{"rendered":"<p>Aunque con un poco de retraso, aqu\u00ed ten\u00e9is las fotos del d\u00eda del libro. Muchas gracias a los voluntarios<\/p>\n","protected":false},"author":7,"featured_media":0,"comment_status":"open","ping_status":"open","sticky":false,"template":"","format":"standard","meta":[],"categories":[53],"tags":[],"_links":{"self":[{"href":"https:\/\/cplorenzogoicoa.educacion.navarra.es\/blogs\/wp-json\/wp\/v2\/posts\/2980"}],"collection":[{"href":"https:\/\/cplorenzogoicoa.educacion.navarra.es\/blogs\/wp-json\/wp\/v2\/posts"}],"about":[{"href":"https:\/\/cplorenzogoicoa.educacion.navarra.es\/blogs\/wp-json\/wp\/v2\/types\/post"}],"author":[{"embeddable":true,"href":"https:\/\/cplorenzogoicoa.educacion.navarra.es\/blogs\/wp-json\/wp\/v2\/users\/7"}],"replies":[{"embeddable":true,"href":"https:\/\/cplorenzogoicoa.educacion.navarra.es\/blogs\/wp-json\/wp\/v2\/comments?post=2980"}],"version-history":[{"count":4,"href":"https:\/\/cplorenzogoicoa.educacion.navarra.es\/blogs\/wp-json\/wp\/v2\/posts\/2980\/revisions"}],"predecessor-version":[{"id":11984,"href":"https:\/\/cplorenzogoicoa.educacion.navarra.es\/blogs\/wp-json\/wp\/v2\/posts\/2980\/revisions\/11984"}],"wp:attachment":[{"href":"https:\/\/cplorenzogoicoa.educacion.navarra.es\/blogs\/wp-json\/wp\/v2\/media?parent=2980"}],"wp:term":[{"taxonomy":"category","embeddable":true,"href":"https:\/\/cplorenzogoicoa.educacion.navarra.es\/blogs\/wp-json\/wp\/v2\/categories?post=2980"},{"taxonomy":"post_tag","embeddable":true,"href":"https:\/\/cplorenzogoicoa.educacion.navarra.es\/blogs\/wp-json\/wp\/v2\/tags?post=2980"}],"curies":[{"name":"wp","href":"https:\/\/api.w.org\/{rel}","templated":true}]}}