{"id":2998,"date":"2015-05-19T16:24:55","date_gmt":"2015-05-19T14:24:55","guid":{"rendered":"http:\/\/cplorenzogoicoa.educacion.navarra.es\/blogs\/?p=2998"},"modified":"2025-05-09T12:21:48","modified_gmt":"2025-05-09T10:21:48","slug":"hoy-nos-visitan-sir-jon-lancelot-y-la-reina-joanna-ginebra","status":"publish","type":"post","link":"https:\/\/cplorenzogoicoa.educacion.navarra.es\/blogs\/blog\/2015\/05\/19\/hoy-nos-visitan-sir-jon-lancelot-y-la-reina-joanna-ginebra\/","title":{"rendered":"Hoy nos visitan&#8230; SIR JON LANCELOT Y LA REINA JOANNA GINEBRA"},"content":{"rendered":"<p><a href=\"https:\/\/picasaweb.google.com\/109184809070055327206\/19DeMayoDe2015?authkey=Gv1sRgCMCSiomnotvOBQ#slideshow\/6150584281801693218\" target=\"_blank\" rel=\"noopener\"><img loading=\"lazy\" class=\" size-medium wp-image-2999 aligncenter\" src=\"http:\/\/cplorenzogoicoa.educacion.navarra.es\/blogs\/wp-content\/uploads\/2015\/05\/DSC_0067-001-300x200.jpg\" alt=\"DSC_0067-001\" width=\"300\" height=\"200\" srcset=\"https:\/\/cplorenzogoicoa.educacion.navarra.es\/blogs\/wp-content\/uploads\/2015\/05\/DSC_0067-001-300x200.jpg 300w, https:\/\/cplorenzogoicoa.educacion.navarra.es\/blogs\/wp-content\/uploads\/2015\/05\/DSC_0067-001.jpg 640w\" sizes=\"(max-width: 300px) 100vw, 300px\" \/><\/a><\/p>\n<div style=\"text-align: center;\"><em><strong>Estoy a punto de entregar mis armas.<\/strong><\/em><\/div>\n<div style=\"text-align: center;\"><em><strong>El camino es largo, la batalla&nbsp;dura,<\/strong><\/em><\/div>\n<div style=\"text-align: center;\"><em><strong>pesada la carga de la soledad<\/strong><\/em><\/div>\n<div style=\"text-align: center;\"><em><strong>que me legan los h\u00e9roes ca\u00eddos:<\/strong><\/em><\/div>\n<div style=\"text-align: center;\"><em><strong>los&nbsp;combatientes&nbsp;intr\u00e9pidos y firmes<\/strong><\/em><\/div>\n<div style=\"text-align: center;\"><em><strong>hasta el fin. Mientras tanto, veo alzarse<\/strong><\/em><\/div>\n<div style=\"text-align: center;\"><em><strong>la bandera del miedo y la tristeza,<\/strong><\/em><\/div>\n<div style=\"text-align: center;\"><em><strong>verg\u00fcenza para un joven caballero,<\/strong><\/em><\/div>\n<div style=\"text-align: center;\"><em><strong>fiel servidor del rey. Mas es tarde.<\/strong><\/em><\/div>\n<div style=\"text-align: center;\"><em><strong>Se apaga la lumbre. Ya duermen&nbsp;todos<\/strong><\/em><\/div>\n<div style=\"text-align: center;\"><em><strong>la febril pesadez de los vencidos. <\/strong><\/em><\/div>\n<div style=\"text-align: center;\"><em><strong>El sabor de Ginebra me mantiene vivo,<\/strong><\/em><\/div>\n<div style=\"text-align: center;\"><em><strong>est\u00e1 en m\u00ed impregnado, <\/strong><\/em><\/div>\n<div style=\"text-align: center;\"><em><strong>me siento preso&#8230; cuando ella me mira, <\/strong><\/em><\/div>\n<div style=\"text-align: center;\"><em><strong>me gustar\u00eda vivir&#8230; en su alma enjaulado.<\/strong><\/em><\/div>\n<div style=\"text-align: center;\">\n<p>&nbsp;<\/p>\n<\/div>\n","protected":false},"excerpt":{"rendered":"<p>Estoy a punto de entregar mis armas. El camino es largo, la batalla&nbsp;dura, pesada la carga de la soledad que me legan los h\u00e9roes ca\u00eddos: los&nbsp;combatientes&nbsp;intr\u00e9pidos y firmes hasta el fin. Mientras tanto, veo alzarse la bandera del miedo y la tristeza, verg\u00fcenza para un joven caballero, fiel servidor del rey. Mas es tarde. Se &hellip; <a href=\"https:\/\/cplorenzogoicoa.educacion.navarra.es\/blogs\/blog\/2015\/05\/19\/hoy-nos-visitan-sir-jon-lancelot-y-la-reina-joanna-ginebra\/\" class=\"more-link\">Seguir leyendo <span class=\"screen-reader-text\">Hoy nos visitan&#8230; SIR JON LANCELOT Y LA REINA JOANNA GINEBRA<\/span> <span class=\"meta-nav\">&rarr;<\/span><\/a><\/p>\n","protected":false},"author":1,"featured_media":0,"comment_status":"open","ping_status":"open","sticky":false,"template":"","format":"standard","meta":[],"categories":[53],"tags":[],"_links":{"self":[{"href":"https:\/\/cplorenzogoicoa.educacion.navarra.es\/blogs\/wp-json\/wp\/v2\/posts\/2998"}],"collection":[{"href":"https:\/\/cplorenzogoicoa.educacion.navarra.es\/blogs\/wp-json\/wp\/v2\/posts"}],"about":[{"href":"https:\/\/cplorenzogoicoa.educacion.navarra.es\/blogs\/wp-json\/wp\/v2\/types\/post"}],"author":[{"embeddable":true,"href":"https:\/\/cplorenzogoicoa.educacion.navarra.es\/blogs\/wp-json\/wp\/v2\/users\/1"}],"replies":[{"embeddable":true,"href":"https:\/\/cplorenzogoicoa.educacion.navarra.es\/blogs\/wp-json\/wp\/v2\/comments?post=2998"}],"version-history":[{"count":2,"href":"https:\/\/cplorenzogoicoa.educacion.navarra.es\/blogs\/wp-json\/wp\/v2\/posts\/2998\/revisions"}],"predecessor-version":[{"id":11982,"href":"https:\/\/cplorenzogoicoa.educacion.navarra.es\/blogs\/wp-json\/wp\/v2\/posts\/2998\/revisions\/11982"}],"wp:attachment":[{"href":"https:\/\/cplorenzogoicoa.educacion.navarra.es\/blogs\/wp-json\/wp\/v2\/media?parent=2998"}],"wp:term":[{"taxonomy":"category","embeddable":true,"href":"https:\/\/cplorenzogoicoa.educacion.navarra.es\/blogs\/wp-json\/wp\/v2\/categories?post=2998"},{"taxonomy":"post_tag","embeddable":true,"href":"https:\/\/cplorenzogoicoa.educacion.navarra.es\/blogs\/wp-json\/wp\/v2\/tags?post=2998"}],"curies":[{"name":"wp","href":"https:\/\/api.w.org\/{rel}","templated":true}]}}