{"id":4551,"date":"2017-03-14T16:10:37","date_gmt":"2017-03-14T15:10:37","guid":{"rendered":"http:\/\/cplorenzogoicoa.educacion.navarra.es\/blogs\/?p=4551"},"modified":"2017-03-14T16:11:57","modified_gmt":"2017-03-14T15:11:57","slug":"iii-dia-del-arbol-atarrabia-sostenible-2017","status":"publish","type":"post","link":"https:\/\/cplorenzogoicoa.educacion.navarra.es\/blogs\/blog\/2017\/03\/14\/iii-dia-del-arbol-atarrabia-sostenible-2017\/","title":{"rendered":"III D\u00eda del \u00c1rbol, VILLAVA SOSTENIBLE 2017"},"content":{"rendered":"<p>El ayuntamiento de Villava celebrar\u00e1 el pr\u00f3ximo 18 de marzo, en las laderas del Monte Ezkaba Txiki, el <strong>III D\u00eda del \u00c1rbol.<\/strong><\/p>\n<p><a href=\"http:\/\/cplorenzogoicoa.educacion.navarra.es\/blogs\/wp-content\/uploads\/2017\/03\/beneficios-de-plantar-arboles.jpg\"><img loading=\"lazy\" class=\"alignnone size-thumbnail wp-image-4552\" src=\"http:\/\/cplorenzogoicoa.educacion.navarra.es\/blogs\/wp-content\/uploads\/2017\/03\/beneficios-de-plantar-arboles-150x150.jpg\" alt=\"\" width=\"150\" height=\"150\" \/><\/a><\/p>\n<ul>\n<li>A las 09:30 hs,comienzo de la jornada \u00a0en la plaza del Ayuntamiento.<\/li>\n<li>A las 09:45hs,reparto de material en la rotonda del Hotel Villava.<\/li>\n<li>De 10:00 a 12:00hs, plantaci\u00f3n de arbolado y arbustos en la zona del Monte Ezkaba Txiki.<\/li>\n<li>A las 12:30hs, almuerzo en la plaza del Ayuntamiento.<\/li>\n<\/ul>\n<p>Inscripciones, hasta el 17 de marzo, en el \u00e1rea de Juventud: <strong>Tfno:<\/strong>\u00a0<strong>948355970 \/ email: juventud@villava.es<\/strong><\/p>\n<p><em><strong>\u00a1RECUPERA LOS ESPACIOS NATURALES DE TU\u00a0LOCALIDAD!<\/strong><\/em><\/p>\n<p><a href=\"http:\/\/cplorenzogoicoa.educacion.navarra.es\/blogs\/wp-content\/uploads\/2017\/03\/260px-Plantando-arboles.jpg\"><img loading=\"lazy\" class=\"alignnone size-thumbnail wp-image-4554\" src=\"http:\/\/cplorenzogoicoa.educacion.navarra.es\/blogs\/wp-content\/uploads\/2017\/03\/260px-Plantando-arboles-150x150.jpg\" alt=\"\" width=\"150\" height=\"150\" \/><\/a><\/p>\n","protected":false},"excerpt":{"rendered":"<p>El ayuntamiento de Villava celebrar\u00e1 el pr\u00f3ximo 18 de marzo, en las laderas del Monte Ezkaba Txiki, el III D\u00eda del \u00c1rbol. A las 09:30 hs,comienzo de la jornada \u00a0en la plaza del Ayuntamiento. A las 09:45hs,reparto de material en la rotonda del Hotel Villava. De 10:00 a 12:00hs, plantaci\u00f3n de arbolado y arbustos en &hellip; <a href=\"https:\/\/cplorenzogoicoa.educacion.navarra.es\/blogs\/blog\/2017\/03\/14\/iii-dia-del-arbol-atarrabia-sostenible-2017\/\" class=\"more-link\">Seguir leyendo <span class=\"screen-reader-text\">III D\u00eda del \u00c1rbol, VILLAVA SOSTENIBLE 2017<\/span> <span class=\"meta-nav\">&rarr;<\/span><\/a><\/p>\n","protected":false},"author":1,"featured_media":0,"comment_status":"open","ping_status":"open","sticky":false,"template":"","format":"standard","meta":[],"categories":[1],"tags":[],"_links":{"self":[{"href":"https:\/\/cplorenzogoicoa.educacion.navarra.es\/blogs\/wp-json\/wp\/v2\/posts\/4551"}],"collection":[{"href":"https:\/\/cplorenzogoicoa.educacion.navarra.es\/blogs\/wp-json\/wp\/v2\/posts"}],"about":[{"href":"https:\/\/cplorenzogoicoa.educacion.navarra.es\/blogs\/wp-json\/wp\/v2\/types\/post"}],"author":[{"embeddable":true,"href":"https:\/\/cplorenzogoicoa.educacion.navarra.es\/blogs\/wp-json\/wp\/v2\/users\/1"}],"replies":[{"embeddable":true,"href":"https:\/\/cplorenzogoicoa.educacion.navarra.es\/blogs\/wp-json\/wp\/v2\/comments?post=4551"}],"version-history":[{"count":3,"href":"https:\/\/cplorenzogoicoa.educacion.navarra.es\/blogs\/wp-json\/wp\/v2\/posts\/4551\/revisions"}],"predecessor-version":[{"id":4557,"href":"https:\/\/cplorenzogoicoa.educacion.navarra.es\/blogs\/wp-json\/wp\/v2\/posts\/4551\/revisions\/4557"}],"wp:attachment":[{"href":"https:\/\/cplorenzogoicoa.educacion.navarra.es\/blogs\/wp-json\/wp\/v2\/media?parent=4551"}],"wp:term":[{"taxonomy":"category","embeddable":true,"href":"https:\/\/cplorenzogoicoa.educacion.navarra.es\/blogs\/wp-json\/wp\/v2\/categories?post=4551"},{"taxonomy":"post_tag","embeddable":true,"href":"https:\/\/cplorenzogoicoa.educacion.navarra.es\/blogs\/wp-json\/wp\/v2\/tags?post=4551"}],"curies":[{"name":"wp","href":"https:\/\/api.w.org\/{rel}","templated":true}]}}