{"id":4708,"date":"2017-05-06T12:31:34","date_gmt":"2017-05-06T10:31:34","guid":{"rendered":"http:\/\/cplorenzogoicoa.educacion.navarra.es\/blogs\/?p=4708"},"modified":"2025-05-09T11:13:04","modified_gmt":"2025-05-09T09:13:04","slug":"visita-escuela-de-musica-hilarion-eslava-ei","status":"publish","type":"post","link":"https:\/\/cplorenzogoicoa.educacion.navarra.es\/blogs\/blog\/2017\/05\/06\/visita-escuela-de-musica-hilarion-eslava-ei\/","title":{"rendered":"Visita Escuela de m\u00fasica Hilari\u00f3n Eslava, EI"},"content":{"rendered":"<p style=\"text-align: center\">El pasado mi\u00e9rcoles d\u00eda 3 de mayo, los alumnos de educaci\u00f3n infantil visitamos la escuela de m\u00fasica Hilari\u00f3n Eslava. Conocimos algunos instrumentos y disfrutamos de la m\u00fasica.<\/p>\n<p style=\"text-align: center\"><a href=\"https:\/\/goo.gl\/photos\/sBasYtKYqY5EUi396\" target=\"_blank\" rel=\"noopener noreferrer\"><img loading=\"lazy\" class=\"alignnone  wp-image-4709\" src=\"http:\/\/cplorenzogoicoa.educacion.navarra.es\/blogs\/wp-content\/uploads\/2017\/05\/cropped-kartela.jpg\" alt=\"\" width=\"117\" height=\"103\" srcset=\"https:\/\/cplorenzogoicoa.educacion.navarra.es\/blogs\/wp-content\/uploads\/2017\/05\/cropped-kartela.jpg 1000w, https:\/\/cplorenzogoicoa.educacion.navarra.es\/blogs\/wp-content\/uploads\/2017\/05\/cropped-kartela-300x263.jpg 300w, https:\/\/cplorenzogoicoa.educacion.navarra.es\/blogs\/wp-content\/uploads\/2017\/05\/cropped-kartela-768x674.jpg 768w\" sizes=\"(max-width: 117px) 100vw, 117px\" \/><\/a><\/p>\n","protected":false},"excerpt":{"rendered":"<p>El pasado mi\u00e9rcoles d\u00eda 3 de mayo, los alumnos de educaci\u00f3n infantil visitamos la escuela de m\u00fasica Hilari\u00f3n Eslava. Conocimos algunos instrumentos y disfrutamos de la m\u00fasica.<\/p>\n","protected":false},"author":7,"featured_media":0,"comment_status":"open","ping_status":"open","sticky":false,"template":"","format":"standard","meta":[],"categories":[53,76,51],"tags":[],"_links":{"self":[{"href":"https:\/\/cplorenzogoicoa.educacion.navarra.es\/blogs\/wp-json\/wp\/v2\/posts\/4708"}],"collection":[{"href":"https:\/\/cplorenzogoicoa.educacion.navarra.es\/blogs\/wp-json\/wp\/v2\/posts"}],"about":[{"href":"https:\/\/cplorenzogoicoa.educacion.navarra.es\/blogs\/wp-json\/wp\/v2\/types\/post"}],"author":[{"embeddable":true,"href":"https:\/\/cplorenzogoicoa.educacion.navarra.es\/blogs\/wp-json\/wp\/v2\/users\/7"}],"replies":[{"embeddable":true,"href":"https:\/\/cplorenzogoicoa.educacion.navarra.es\/blogs\/wp-json\/wp\/v2\/comments?post=4708"}],"version-history":[{"count":2,"href":"https:\/\/cplorenzogoicoa.educacion.navarra.es\/blogs\/wp-json\/wp\/v2\/posts\/4708\/revisions"}],"predecessor-version":[{"id":11778,"href":"https:\/\/cplorenzogoicoa.educacion.navarra.es\/blogs\/wp-json\/wp\/v2\/posts\/4708\/revisions\/11778"}],"wp:attachment":[{"href":"https:\/\/cplorenzogoicoa.educacion.navarra.es\/blogs\/wp-json\/wp\/v2\/media?parent=4708"}],"wp:term":[{"taxonomy":"category","embeddable":true,"href":"https:\/\/cplorenzogoicoa.educacion.navarra.es\/blogs\/wp-json\/wp\/v2\/categories?post=4708"},{"taxonomy":"post_tag","embeddable":true,"href":"https:\/\/cplorenzogoicoa.educacion.navarra.es\/blogs\/wp-json\/wp\/v2\/tags?post=4708"}],"curies":[{"name":"wp","href":"https:\/\/api.w.org\/{rel}","templated":true}]}}