{"id":5069,"date":"2017-11-21T09:06:57","date_gmt":"2017-11-21T08:06:57","guid":{"rendered":"http:\/\/cplorenzogoicoa.educacion.navarra.es\/blogs\/?p=5069"},"modified":"2017-11-22T10:13:33","modified_gmt":"2017-11-22T09:13:33","slug":"formacion-en-primeros-auxilios-prevenna","status":"publish","type":"post","link":"https:\/\/cplorenzogoicoa.educacion.navarra.es\/blogs\/blog\/2017\/11\/21\/formacion-en-primeros-auxilios-prevenna\/","title":{"rendered":"PLAN DE AUTOPROTECCI\u00d3N DEL CENTRO, PREVENNA"},"content":{"rendered":"<p>El\u00a0\u00a0profesorado del CPEIP Lorenzo Goicoa ha realizado\u00a0el programa de formaci\u00f3n y capacitaci\u00f3n para el personal con participaci\u00f3n en el <strong>Plan de Autoprotecci\u00f3n del Centro<\/strong>.<\/p>\n<p><a href=\"http:\/\/cplorenzogoicoa.educacion.navarra.es\/blogs\/wp-content\/uploads\/2017\/11\/DSC_0033.jpg\"><img loading=\"lazy\" class=\"alignnone size-thumbnail wp-image-5071\" src=\"http:\/\/cplorenzogoicoa.educacion.navarra.es\/blogs\/wp-content\/uploads\/2017\/11\/DSC_0033-150x150.jpg\" alt=\"\" width=\"150\" height=\"150\" \/><\/a><a href=\"http:\/\/cplorenzogoicoa.educacion.navarra.es\/blogs\/wp-content\/uploads\/2017\/11\/DSC_0046.jpg\"><img loading=\"lazy\" class=\"alignnone size-thumbnail wp-image-5079\" src=\"http:\/\/cplorenzogoicoa.educacion.navarra.es\/blogs\/wp-content\/uploads\/2017\/11\/DSC_0046-150x150.jpg\" alt=\"\" width=\"150\" height=\"150\" \/><\/a><\/p>\n<p>El martes 14\u00a0 de noviembre, el enfermero\u00a0 Sergio Bari\u00e1in ,\u00a0 de la Cl\u00ednica San Miguel, imparti\u00f3 un curso de primeros auxilios.<\/p>\n<p><a href=\"http:\/\/cplorenzogoicoa.educacion.navarra.es\/blogs\/wp-content\/uploads\/2017\/11\/DSC_0032.jpg\"><img loading=\"lazy\" class=\"alignnone size-thumbnail wp-image-5070\" src=\"http:\/\/cplorenzogoicoa.educacion.navarra.es\/blogs\/wp-content\/uploads\/2017\/11\/DSC_0032-150x150.jpg\" alt=\"\" width=\"150\" height=\"150\" \/><\/a><\/p>\n<p>El martes 21 de noviembre, asistimos a una charla\u00a0 de Pablo Remacha, formador de Prevenna, sobre \u00abSeguridad contra incendios\u00bb.<\/p>\n<p><a href=\"http:\/\/cplorenzogoicoa.educacion.navarra.es\/blogs\/wp-content\/uploads\/2017\/11\/DSC_0049.jpg\"><img loading=\"lazy\" class=\"alignnone size-thumbnail wp-image-5080\" src=\"http:\/\/cplorenzogoicoa.educacion.navarra.es\/blogs\/wp-content\/uploads\/2017\/11\/DSC_0049-150x150.jpg\" alt=\"\" width=\"150\" height=\"150\" \/><\/a> <a href=\"http:\/\/cplorenzogoicoa.educacion.navarra.es\/blogs\/wp-content\/uploads\/2017\/11\/DSC_0050.jpg\"><img loading=\"lazy\" class=\"alignnone size-thumbnail wp-image-5081\" src=\"http:\/\/cplorenzogoicoa.educacion.navarra.es\/blogs\/wp-content\/uploads\/2017\/11\/DSC_0050-150x150.jpg\" alt=\"\" width=\"150\" height=\"150\" \/><\/a> <a href=\"http:\/\/cplorenzogoicoa.educacion.navarra.es\/blogs\/wp-content\/uploads\/2017\/11\/DSC_0058.jpg\"><img loading=\"lazy\" class=\"alignnone size-thumbnail wp-image-5082\" src=\"http:\/\/cplorenzogoicoa.educacion.navarra.es\/blogs\/wp-content\/uploads\/2017\/11\/DSC_0058-150x150.jpg\" alt=\"\" width=\"150\" height=\"150\" \/><\/a><\/p>\n<p>Los asistentes utilizamos extintores para sofocar peque\u00f1os incendios.<\/p>\n<p><a href=\"http:\/\/cplorenzogoicoa.educacion.navarra.es\/blogs\/wp-content\/uploads\/2017\/11\/DSC_0054.jpg\"><img loading=\"lazy\" class=\"alignnone size-thumbnail wp-image-5083\" src=\"http:\/\/cplorenzogoicoa.educacion.navarra.es\/blogs\/wp-content\/uploads\/2017\/11\/DSC_0054-150x150.jpg\" alt=\"\" width=\"150\" height=\"150\" \/><\/a><\/p>\n","protected":false},"excerpt":{"rendered":"<p>El\u00a0\u00a0profesorado del CPEIP Lorenzo Goicoa ha realizado\u00a0el programa de formaci\u00f3n y capacitaci\u00f3n para el personal con participaci\u00f3n en el Plan de Autoprotecci\u00f3n del Centro. El martes 14\u00a0 de noviembre, el enfermero\u00a0 Sergio Bari\u00e1in ,\u00a0 de la Cl\u00ednica San Miguel, imparti\u00f3 un curso de primeros auxilios. El martes 21 de noviembre, asistimos a una charla\u00a0 de &hellip; <a href=\"https:\/\/cplorenzogoicoa.educacion.navarra.es\/blogs\/blog\/2017\/11\/21\/formacion-en-primeros-auxilios-prevenna\/\" class=\"more-link\">Seguir leyendo <span class=\"screen-reader-text\">PLAN DE AUTOPROTECCI\u00d3N DEL CENTRO, PREVENNA<\/span> <span class=\"meta-nav\">&rarr;<\/span><\/a><\/p>\n","protected":false},"author":1,"featured_media":0,"comment_status":"open","ping_status":"open","sticky":false,"template":"","format":"standard","meta":[],"categories":[1],"tags":[],"_links":{"self":[{"href":"https:\/\/cplorenzogoicoa.educacion.navarra.es\/blogs\/wp-json\/wp\/v2\/posts\/5069"}],"collection":[{"href":"https:\/\/cplorenzogoicoa.educacion.navarra.es\/blogs\/wp-json\/wp\/v2\/posts"}],"about":[{"href":"https:\/\/cplorenzogoicoa.educacion.navarra.es\/blogs\/wp-json\/wp\/v2\/types\/post"}],"author":[{"embeddable":true,"href":"https:\/\/cplorenzogoicoa.educacion.navarra.es\/blogs\/wp-json\/wp\/v2\/users\/1"}],"replies":[{"embeddable":true,"href":"https:\/\/cplorenzogoicoa.educacion.navarra.es\/blogs\/wp-json\/wp\/v2\/comments?post=5069"}],"version-history":[{"count":3,"href":"https:\/\/cplorenzogoicoa.educacion.navarra.es\/blogs\/wp-json\/wp\/v2\/posts\/5069\/revisions"}],"predecessor-version":[{"id":5084,"href":"https:\/\/cplorenzogoicoa.educacion.navarra.es\/blogs\/wp-json\/wp\/v2\/posts\/5069\/revisions\/5084"}],"wp:attachment":[{"href":"https:\/\/cplorenzogoicoa.educacion.navarra.es\/blogs\/wp-json\/wp\/v2\/media?parent=5069"}],"wp:term":[{"taxonomy":"category","embeddable":true,"href":"https:\/\/cplorenzogoicoa.educacion.navarra.es\/blogs\/wp-json\/wp\/v2\/categories?post=5069"},{"taxonomy":"post_tag","embeddable":true,"href":"https:\/\/cplorenzogoicoa.educacion.navarra.es\/blogs\/wp-json\/wp\/v2\/tags?post=5069"}],"curies":[{"name":"wp","href":"https:\/\/api.w.org\/{rel}","templated":true}]}}