{"id":5127,"date":"2017-12-12T17:11:39","date_gmt":"2017-12-12T16:11:39","guid":{"rendered":"http:\/\/cplorenzogoicoa.educacion.navarra.es\/blogs\/?p=5127"},"modified":"2017-12-12T17:16:44","modified_gmt":"2017-12-12T16:16:44","slug":"visita-de-la-asociacion-jerejef-5o-ep","status":"publish","type":"post","link":"https:\/\/cplorenzogoicoa.educacion.navarra.es\/blogs\/blog\/2017\/12\/12\/visita-de-la-asociacion-jerejef-5o-ep\/","title":{"rendered":"Visita de la Asociaci\u00f3n Jerejef, 5\u00bay 6\u00ba EP"},"content":{"rendered":"<p><a href=\"http:\/\/jerejef.org\/\">Asociaci\u00f3n Jerefef<\/a><\/p>\n<p><a href=\"http:\/\/cplorenzogoicoa.educacion.navarra.es\/blogs\/wp-content\/uploads\/2017\/12\/DSC_0005.jpg\"><img loading=\"lazy\" class=\"alignnone wp-image-5129\" src=\"http:\/\/cplorenzogoicoa.educacion.navarra.es\/blogs\/wp-content\/uploads\/2017\/12\/DSC_0005-300x200.jpg\" alt=\"\" width=\"159\" height=\"106\" srcset=\"https:\/\/cplorenzogoicoa.educacion.navarra.es\/blogs\/wp-content\/uploads\/2017\/12\/DSC_0005-300x200.jpg 300w, https:\/\/cplorenzogoicoa.educacion.navarra.es\/blogs\/wp-content\/uploads\/2017\/12\/DSC_0005.jpg 480w\" sizes=\"(max-width: 159px) 100vw, 159px\" \/><\/a><a href=\"http:\/\/cplorenzogoicoa.educacion.navarra.es\/blogs\/wp-content\/uploads\/2017\/12\/DSC_0004.jpg\"><img loading=\"lazy\" class=\"alignnone wp-image-5128\" src=\"http:\/\/cplorenzogoicoa.educacion.navarra.es\/blogs\/wp-content\/uploads\/2017\/12\/DSC_0004-150x150.jpg\" alt=\"\" width=\"107\" height=\"107\" \/><\/a><\/p>\n<p>Un grupo de personas voluntarias\u00a0 de la asociaci\u00f3n Jerefef han\u00a0 ofrecido una charla\u00a0 al alumnado de 5\u00ba y 6\u00ba de Educaci\u00f3n Primaria sobre los Proyectos que se realizan hoy en d\u00eda en Senegal.<\/p>\n<p>De la ilusi\u00f3n, las ganas de hacer, la esperanza, el amor y la alegr\u00eda surge la\u00a0<strong>ASOCIACI\u00d3N JEREJEF<\/strong>, una Asociaci\u00f3n sin \u00e1nimo de lucro. JEREJEF es una palabra en Wolof, uno de los idiomas de Senegal y su significado es GRACIAS.<br \/>\nVemos la necesidad de echar una mano (por peque\u00f1a que sea) a aquellas personas que tienen dificultades en su vida diaria all\u00ed. Esto nos mueve a trabajar por ello\/as y con ellos\/as tambi\u00e9n.<\/p>\n<p>Nuestro principal objetivo es la\u00a0<strong>PREVENCI\u00d3N<\/strong>\u00a0en todos los aspectos generales de la vida y todos los \u00e1mbitos de la persona, haciendo hincapi\u00e9 en la\u00a0<strong>SALUD<\/strong>\u00a0y la\u00a0<strong>EDUCACI\u00d3N<\/strong>.<\/p>\n","protected":false},"excerpt":{"rendered":"<p>Asociaci\u00f3n Jerefef Un grupo de personas voluntarias\u00a0 de la asociaci\u00f3n Jerefef han\u00a0 ofrecido una charla\u00a0 al alumnado de 5\u00ba y 6\u00ba de Educaci\u00f3n Primaria sobre los Proyectos que se realizan hoy en d\u00eda en Senegal. De la ilusi\u00f3n, las ganas de hacer, la esperanza, el amor y la alegr\u00eda surge la\u00a0ASOCIACI\u00d3N JEREJEF, una Asociaci\u00f3n sin &hellip; <a href=\"https:\/\/cplorenzogoicoa.educacion.navarra.es\/blogs\/blog\/2017\/12\/12\/visita-de-la-asociacion-jerejef-5o-ep\/\" class=\"more-link\">Seguir leyendo <span class=\"screen-reader-text\">Visita de la Asociaci\u00f3n Jerejef, 5\u00bay 6\u00ba EP<\/span> <span class=\"meta-nav\">&rarr;<\/span><\/a><\/p>\n","protected":false},"author":1,"featured_media":0,"comment_status":"open","ping_status":"open","sticky":false,"template":"","format":"standard","meta":[],"categories":[1],"tags":[],"_links":{"self":[{"href":"https:\/\/cplorenzogoicoa.educacion.navarra.es\/blogs\/wp-json\/wp\/v2\/posts\/5127"}],"collection":[{"href":"https:\/\/cplorenzogoicoa.educacion.navarra.es\/blogs\/wp-json\/wp\/v2\/posts"}],"about":[{"href":"https:\/\/cplorenzogoicoa.educacion.navarra.es\/blogs\/wp-json\/wp\/v2\/types\/post"}],"author":[{"embeddable":true,"href":"https:\/\/cplorenzogoicoa.educacion.navarra.es\/blogs\/wp-json\/wp\/v2\/users\/1"}],"replies":[{"embeddable":true,"href":"https:\/\/cplorenzogoicoa.educacion.navarra.es\/blogs\/wp-json\/wp\/v2\/comments?post=5127"}],"version-history":[{"count":2,"href":"https:\/\/cplorenzogoicoa.educacion.navarra.es\/blogs\/wp-json\/wp\/v2\/posts\/5127\/revisions"}],"predecessor-version":[{"id":5131,"href":"https:\/\/cplorenzogoicoa.educacion.navarra.es\/blogs\/wp-json\/wp\/v2\/posts\/5127\/revisions\/5131"}],"wp:attachment":[{"href":"https:\/\/cplorenzogoicoa.educacion.navarra.es\/blogs\/wp-json\/wp\/v2\/media?parent=5127"}],"wp:term":[{"taxonomy":"category","embeddable":true,"href":"https:\/\/cplorenzogoicoa.educacion.navarra.es\/blogs\/wp-json\/wp\/v2\/categories?post=5127"},{"taxonomy":"post_tag","embeddable":true,"href":"https:\/\/cplorenzogoicoa.educacion.navarra.es\/blogs\/wp-json\/wp\/v2\/tags?post=5127"}],"curies":[{"name":"wp","href":"https:\/\/api.w.org\/{rel}","templated":true}]}}