{"id":5253,"date":"2018-01-26T16:33:33","date_gmt":"2018-01-26T15:33:33","guid":{"rendered":"http:\/\/cplorenzogoicoa.educacion.navarra.es\/blogs\/?p=5253"},"modified":"2018-01-26T16:33:33","modified_gmt":"2018-01-26T15:33:33","slug":"compromiso-con-la-red-publica","status":"publish","type":"post","link":"https:\/\/cplorenzogoicoa.educacion.navarra.es\/blogs\/blog\/2018\/01\/26\/compromiso-con-la-red-publica\/","title":{"rendered":"Compromiso con la red p\u00fablica"},"content":{"rendered":"<p><a href=\"http:\/\/cplorenzogoicoa.educacion.navarra.es\/blogs\/wp-content\/uploads\/2018\/01\/Tutera-Elvira-Espa\u00f1a-18-01-23_TX.jpg\"><img loading=\"lazy\" class=\"alignnone wp-image-5254 size-full\" src=\"http:\/\/cplorenzogoicoa.educacion.navarra.es\/blogs\/wp-content\/uploads\/2018\/01\/Tutera-Elvira-Espa\u00f1a-18-01-23_TX.jpg\" alt=\"\" width=\"480\" height=\"270\" srcset=\"https:\/\/cplorenzogoicoa.educacion.navarra.es\/blogs\/wp-content\/uploads\/2018\/01\/Tutera-Elvira-Espa\u00f1a-18-01-23_TX.jpg 480w, https:\/\/cplorenzogoicoa.educacion.navarra.es\/blogs\/wp-content\/uploads\/2018\/01\/Tutera-Elvira-Espa\u00f1a-18-01-23_TX-300x169.jpg 300w\" sizes=\"(max-width: 480px) 100vw, 480px\" \/><\/a><\/p>\n<p><strong>La consejera<\/strong> se ha reunido con una representaci\u00f3n de la Asociaci\u00f3n de Directores de la Ribera y ADIPNA. Ambas representaciones han querido trasladar su compromiso con la red p\u00fablica de educaci\u00f3n, as\u00ed como varias reivindicaciones de cara a mejorar la gesti\u00f3n de los recursos en la red p\u00fablica. Han insistido en la fortaleza de la escuela p\u00fablica, donde se ofertan todos los modelos y programas ling\u00fc\u00edsticos con excelentes resultados y se trabaja la inclusi\u00f3n del alumnado todos los d\u00edas con un profesorado formado y comprometido en garantizar una educaci\u00f3n de calidad.<\/p>\n","protected":false},"excerpt":{"rendered":"<p>La consejera se ha reunido con una representaci\u00f3n de la Asociaci\u00f3n de Directores de la Ribera y ADIPNA. Ambas representaciones han querido trasladar su compromiso con la red p\u00fablica de educaci\u00f3n, as\u00ed como varias reivindicaciones de cara a mejorar la gesti\u00f3n de los recursos en la red p\u00fablica. Han insistido en la fortaleza de la &hellip; <a href=\"https:\/\/cplorenzogoicoa.educacion.navarra.es\/blogs\/blog\/2018\/01\/26\/compromiso-con-la-red-publica\/\" class=\"more-link\">Seguir leyendo <span class=\"screen-reader-text\">Compromiso con la red p\u00fablica<\/span> <span class=\"meta-nav\">&rarr;<\/span><\/a><\/p>\n","protected":false},"author":1,"featured_media":0,"comment_status":"open","ping_status":"open","sticky":false,"template":"","format":"standard","meta":[],"categories":[1],"tags":[],"_links":{"self":[{"href":"https:\/\/cplorenzogoicoa.educacion.navarra.es\/blogs\/wp-json\/wp\/v2\/posts\/5253"}],"collection":[{"href":"https:\/\/cplorenzogoicoa.educacion.navarra.es\/blogs\/wp-json\/wp\/v2\/posts"}],"about":[{"href":"https:\/\/cplorenzogoicoa.educacion.navarra.es\/blogs\/wp-json\/wp\/v2\/types\/post"}],"author":[{"embeddable":true,"href":"https:\/\/cplorenzogoicoa.educacion.navarra.es\/blogs\/wp-json\/wp\/v2\/users\/1"}],"replies":[{"embeddable":true,"href":"https:\/\/cplorenzogoicoa.educacion.navarra.es\/blogs\/wp-json\/wp\/v2\/comments?post=5253"}],"version-history":[{"count":1,"href":"https:\/\/cplorenzogoicoa.educacion.navarra.es\/blogs\/wp-json\/wp\/v2\/posts\/5253\/revisions"}],"predecessor-version":[{"id":5255,"href":"https:\/\/cplorenzogoicoa.educacion.navarra.es\/blogs\/wp-json\/wp\/v2\/posts\/5253\/revisions\/5255"}],"wp:attachment":[{"href":"https:\/\/cplorenzogoicoa.educacion.navarra.es\/blogs\/wp-json\/wp\/v2\/media?parent=5253"}],"wp:term":[{"taxonomy":"category","embeddable":true,"href":"https:\/\/cplorenzogoicoa.educacion.navarra.es\/blogs\/wp-json\/wp\/v2\/categories?post=5253"},{"taxonomy":"post_tag","embeddable":true,"href":"https:\/\/cplorenzogoicoa.educacion.navarra.es\/blogs\/wp-json\/wp\/v2\/tags?post=5253"}],"curies":[{"name":"wp","href":"https:\/\/api.w.org\/{rel}","templated":true}]}}