{"id":5955,"date":"2019-01-16T10:41:23","date_gmt":"2019-01-16T09:41:23","guid":{"rendered":"http:\/\/cplorenzogoicoa.educacion.navarra.es\/blogs\/?p=5955"},"modified":"2019-01-21T15:16:02","modified_gmt":"2019-01-21T14:16:02","slug":"hoy-nos-visita-atica-fm","status":"publish","type":"post","link":"https:\/\/cplorenzogoicoa.educacion.navarra.es\/blogs\/blog\/2019\/01\/16\/hoy-nos-visita-atica-fm\/","title":{"rendered":"Proyecto RADIO ATICA FM"},"content":{"rendered":"<p><a href=\"http:\/\/cplorenzogoicoa.educacion.navarra.es\/blogs\/wp-content\/uploads\/2018\/12\/DSC_0002.jpg\"><img loading=\"lazy\" class=\"alignnone size-medium wp-image-5956\" src=\"http:\/\/cplorenzogoicoa.educacion.navarra.es\/blogs\/wp-content\/uploads\/2018\/12\/DSC_0002-300x200.jpg\" alt=\"\" width=\"300\" height=\"200\" srcset=\"https:\/\/cplorenzogoicoa.educacion.navarra.es\/blogs\/wp-content\/uploads\/2018\/12\/DSC_0002-300x200.jpg 300w, https:\/\/cplorenzogoicoa.educacion.navarra.es\/blogs\/wp-content\/uploads\/2018\/12\/DSC_0002.jpg 480w\" sizes=\"(max-width: 300px) 100vw, 300px\" \/><\/a> <a href=\"http:\/\/cplorenzogoicoa.educacion.navarra.es\/blogs\/wp-content\/uploads\/2018\/12\/DSC_0003.jpg\"><img loading=\"lazy\" class=\"alignnone size-thumbnail wp-image-5957\" src=\"http:\/\/cplorenzogoicoa.educacion.navarra.es\/blogs\/wp-content\/uploads\/2018\/12\/DSC_0003-150x150.jpg\" alt=\"\" width=\"150\" height=\"150\" \/><\/a><\/p>\n<p><a href=\"http:\/\/aticafm.com\/programacion\/\">Programaci\u00f3n &#8211; ATICA FM<\/a><\/p>\n<p>El alumnado de 6\u00ba EP\u00a0 ha recibido la visita\u00a0 de\u00a0 la Asociaci\u00f3n\u00a0<strong>ATICA<\/strong>\u00a0que\u00a0 est\u00e1\u00a0\u00a0enfocada a incluir dentro de su programaci\u00f3n espacios de radio desarrollados en su mayor\u00eda por ONGs y asociaciones sin \u00e1nimo de lucro asociadas a ATICA, con fines sociales y solidarios<\/p>\n<p><strong>16-01-2018<\/strong><\/p>\n<p>EL ALUMNADO DE 6\u00baA EP VISITAMOS LA RADIO&#8230;\u00a0<a href=\"https:\/\/photos.app.goo.gl\/RzLP7mAMoF6hh1xk7\">https:\/\/photos.app.goo.gl\/RzLP7mAMoF6hh1xk7<\/a><\/p>\n<ul>\n<li dir=\"ltr\">1. Impulsar m\u00faltiples actividades did\u00e1cticas cuyos protagonistas sean los ni\u00f1os\/as y orientadas al desarrollo de las competencias b\u00e1sicas de todas las \u00e1reas curriculares.<\/li>\n<li dir=\"ltr\">2. Incentivar la comunicaci\u00f3n entre toda la comunidad educativa, dentro y fuera de la escuela.<\/li>\n<li dir=\"ltr\">3. Introducir las TIC en la ense\u00f1anza, aprendiendo a utilizar la tecnolog\u00eda y el lenguaje relacionado con el audio y la radio digitales.<\/li>\n<li dir=\"ltr\">4. Motivar la creatividad y el inter\u00e9s de los alumnos\/as por su propio proceso de aprendizaje.<\/li>\n<li dir=\"ltr\">5. Fomentar el trabajo en equipo y la toma de responsabilidades.<\/li>\n<li dir=\"ltr\">6. Posibilitar situaciones de reflexi\u00f3n, intercambio interpersonal y enriquecimiento personal y formativo.<\/li>\n<li dir=\"ltr\">7. Asimilar un modo de conducta y convivencia democr\u00e1tico que respete la diferencia y la opini\u00f3n.<\/li>\n<\/ul>\n<p>&nbsp;<\/p>\n","protected":false},"excerpt":{"rendered":"<p>Programaci\u00f3n &#8211; ATICA FM El alumnado de 6\u00ba EP\u00a0 ha recibido la visita\u00a0 de\u00a0 la Asociaci\u00f3n\u00a0ATICA\u00a0que\u00a0 est\u00e1\u00a0\u00a0enfocada a incluir dentro de su programaci\u00f3n espacios de radio desarrollados en su mayor\u00eda por ONGs y asociaciones sin \u00e1nimo de lucro asociadas a ATICA, con fines sociales y solidarios 16-01-2018 EL ALUMNADO DE 6\u00baA EP VISITAMOS LA RADIO&#8230;\u00a0https:\/\/photos.app.goo.gl\/RzLP7mAMoF6hh1xk7 &hellip; <a href=\"https:\/\/cplorenzogoicoa.educacion.navarra.es\/blogs\/blog\/2019\/01\/16\/hoy-nos-visita-atica-fm\/\" class=\"more-link\">Seguir leyendo <span class=\"screen-reader-text\">Proyecto RADIO ATICA FM<\/span> <span class=\"meta-nav\">&rarr;<\/span><\/a><\/p>\n","protected":false},"author":1,"featured_media":0,"comment_status":"open","ping_status":"open","sticky":false,"template":"","format":"standard","meta":[],"categories":[1],"tags":[],"_links":{"self":[{"href":"https:\/\/cplorenzogoicoa.educacion.navarra.es\/blogs\/wp-json\/wp\/v2\/posts\/5955"}],"collection":[{"href":"https:\/\/cplorenzogoicoa.educacion.navarra.es\/blogs\/wp-json\/wp\/v2\/posts"}],"about":[{"href":"https:\/\/cplorenzogoicoa.educacion.navarra.es\/blogs\/wp-json\/wp\/v2\/types\/post"}],"author":[{"embeddable":true,"href":"https:\/\/cplorenzogoicoa.educacion.navarra.es\/blogs\/wp-json\/wp\/v2\/users\/1"}],"replies":[{"embeddable":true,"href":"https:\/\/cplorenzogoicoa.educacion.navarra.es\/blogs\/wp-json\/wp\/v2\/comments?post=5955"}],"version-history":[{"count":5,"href":"https:\/\/cplorenzogoicoa.educacion.navarra.es\/blogs\/wp-json\/wp\/v2\/posts\/5955\/revisions"}],"predecessor-version":[{"id":5984,"href":"https:\/\/cplorenzogoicoa.educacion.navarra.es\/blogs\/wp-json\/wp\/v2\/posts\/5955\/revisions\/5984"}],"wp:attachment":[{"href":"https:\/\/cplorenzogoicoa.educacion.navarra.es\/blogs\/wp-json\/wp\/v2\/media?parent=5955"}],"wp:term":[{"taxonomy":"category","embeddable":true,"href":"https:\/\/cplorenzogoicoa.educacion.navarra.es\/blogs\/wp-json\/wp\/v2\/categories?post=5955"},{"taxonomy":"post_tag","embeddable":true,"href":"https:\/\/cplorenzogoicoa.educacion.navarra.es\/blogs\/wp-json\/wp\/v2\/tags?post=5955"}],"curies":[{"name":"wp","href":"https:\/\/api.w.org\/{rel}","templated":true}]}}