{"id":6131,"date":"2019-04-17T11:41:54","date_gmt":"2019-04-17T09:41:54","guid":{"rendered":"http:\/\/cplorenzogoicoa.educacion.navarra.es\/blogs\/?p=6131"},"modified":"2019-04-17T11:42:17","modified_gmt":"2019-04-17T09:42:17","slug":"taller-cuentacuentos","status":"publish","type":"post","link":"https:\/\/cplorenzogoicoa.educacion.navarra.es\/blogs\/blog\/2019\/04\/17\/taller-cuentacuentos\/","title":{"rendered":"taller cuentacuentos"},"content":{"rendered":"\n<p><strong>El alumnado de Primaria ha dedicado  unas sesiones esta semana a crear un  espacio de animaci\u00f3n a la lectura con los ni\u00f1os y ni\u00f1as de Infantil.<\/strong><\/p>\n\n\n\n<figure class=\"wp-block-image\"><img loading=\"lazy\" width=\"1024\" height=\"1024\" src=\"http:\/\/cplorenzogoicoa.educacion.navarra.es\/blogs\/wp-content\/uploads\/2019\/04\/20190417_112217-COLLAGE-1-1024x1024.jpg\" alt=\"\" class=\"wp-image-6134\" srcset=\"https:\/\/cplorenzogoicoa.educacion.navarra.es\/blogs\/wp-content\/uploads\/2019\/04\/20190417_112217-COLLAGE-1-1024x1024.jpg 1024w, https:\/\/cplorenzogoicoa.educacion.navarra.es\/blogs\/wp-content\/uploads\/2019\/04\/20190417_112217-COLLAGE-1-150x150.jpg 150w, https:\/\/cplorenzogoicoa.educacion.navarra.es\/blogs\/wp-content\/uploads\/2019\/04\/20190417_112217-COLLAGE-1-300x300.jpg 300w, https:\/\/cplorenzogoicoa.educacion.navarra.es\/blogs\/wp-content\/uploads\/2019\/04\/20190417_112217-COLLAGE-1-768x768.jpg 768w, https:\/\/cplorenzogoicoa.educacion.navarra.es\/blogs\/wp-content\/uploads\/2019\/04\/20190417_112217-COLLAGE-1.jpg 2046w\" sizes=\"(max-width: 1024px) 100vw, 1024px\" \/><\/figure>\n\n\n\n<p>Objetivos: <br><strong>Aprenderemos a contar cuentos, a poner voces a los personajes, establecer un v\u00ednculo y espacio de los\/as ni\u00f1os\/as  de Infantil con el alumnado de Primaria en el que las dos partes puedan introducirse en una historia y puedan ser tanto oyentes como contadores haciendo uso de la imaginaci\u00f3n.<\/strong> <\/p>\n","protected":false},"excerpt":{"rendered":"<p>El alumnado de Primaria ha dedicado unas sesiones esta semana a crear un espacio de animaci\u00f3n a la lectura con los ni\u00f1os y ni\u00f1as de Infantil. Objetivos: Aprenderemos a contar cuentos, a poner voces a los personajes, establecer un v\u00ednculo y espacio de los\/as ni\u00f1os\/as de Infantil con el alumnado de Primaria en el que &hellip; <a href=\"https:\/\/cplorenzogoicoa.educacion.navarra.es\/blogs\/blog\/2019\/04\/17\/taller-cuentacuentos\/\" class=\"more-link\">Seguir leyendo <span class=\"screen-reader-text\">taller cuentacuentos<\/span> <span class=\"meta-nav\">&rarr;<\/span><\/a><\/p>\n","protected":false},"author":1,"featured_media":0,"comment_status":"open","ping_status":"open","sticky":false,"template":"","format":"standard","meta":[],"categories":[144,1],"tags":[],"_links":{"self":[{"href":"https:\/\/cplorenzogoicoa.educacion.navarra.es\/blogs\/wp-json\/wp\/v2\/posts\/6131"}],"collection":[{"href":"https:\/\/cplorenzogoicoa.educacion.navarra.es\/blogs\/wp-json\/wp\/v2\/posts"}],"about":[{"href":"https:\/\/cplorenzogoicoa.educacion.navarra.es\/blogs\/wp-json\/wp\/v2\/types\/post"}],"author":[{"embeddable":true,"href":"https:\/\/cplorenzogoicoa.educacion.navarra.es\/blogs\/wp-json\/wp\/v2\/users\/1"}],"replies":[{"embeddable":true,"href":"https:\/\/cplorenzogoicoa.educacion.navarra.es\/blogs\/wp-json\/wp\/v2\/comments?post=6131"}],"version-history":[{"count":1,"href":"https:\/\/cplorenzogoicoa.educacion.navarra.es\/blogs\/wp-json\/wp\/v2\/posts\/6131\/revisions"}],"predecessor-version":[{"id":6135,"href":"https:\/\/cplorenzogoicoa.educacion.navarra.es\/blogs\/wp-json\/wp\/v2\/posts\/6131\/revisions\/6135"}],"wp:attachment":[{"href":"https:\/\/cplorenzogoicoa.educacion.navarra.es\/blogs\/wp-json\/wp\/v2\/media?parent=6131"}],"wp:term":[{"taxonomy":"category","embeddable":true,"href":"https:\/\/cplorenzogoicoa.educacion.navarra.es\/blogs\/wp-json\/wp\/v2\/categories?post=6131"},{"taxonomy":"post_tag","embeddable":true,"href":"https:\/\/cplorenzogoicoa.educacion.navarra.es\/blogs\/wp-json\/wp\/v2\/tags?post=6131"}],"curies":[{"name":"wp","href":"https:\/\/api.w.org\/{rel}","templated":true}]}}