{"id":6260,"date":"2019-05-31T10:12:44","date_gmt":"2019-05-31T08:12:44","guid":{"rendered":"http:\/\/cplorenzogoicoa.educacion.navarra.es\/blogs\/?p=6260"},"modified":"2025-05-09T10:25:49","modified_gmt":"2025-05-09T08:25:49","slug":"halconeras","status":"publish","type":"post","link":"https:\/\/cplorenzogoicoa.educacion.navarra.es\/blogs\/blog\/2019\/05\/31\/halconeras\/","title":{"rendered":"halconeras,3\u00baep"},"content":{"rendered":"\n<p> La Granja-Escuela es un&nbsp;<strong>aula de la naturaleza<\/strong>&nbsp;ubicada junto al meandro en el soto la Sardilla, muy cerca de los r\u00edos Arga y Arag\u00f3n, al pie del barranco del Pe\u00f1al\u00e9n, donde confluyen varios ecosistemas: el fluvial, el escarpe de yesos, el monte bajo y sobre este la zona esteparia. Confiere a este espacio una gran biodiversidad pero adem\u00e1s a los valores ecol\u00f3gicos se suman tambi\u00e9n valores hist\u00f3ricos. <\/p>\n\n\n\n<div class=\"wp-block-image\"><figure class=\"aligncenter is-resized\"><img loading=\"lazy\" src=\"http:\/\/cplorenzogoicoa.educacion.navarra.es\/blogs\/wp-content\/uploads\/2019\/06\/IMG_6294.jpg\" alt=\"\" class=\"wp-image-6261\" width=\"246\" height=\"328\" srcset=\"https:\/\/cplorenzogoicoa.educacion.navarra.es\/blogs\/wp-content\/uploads\/2019\/06\/IMG_6294.jpg 605w, https:\/\/cplorenzogoicoa.educacion.navarra.es\/blogs\/wp-content\/uploads\/2019\/06\/IMG_6294-225x300.jpg 225w\" sizes=\"(max-width: 246px) 100vw, 246px\" \/><figcaption><a href=\"https:\/\/photos.app.goo.gl\/hiFAPUNbVS9xLytw6\">https:\/\/photos.app.goo.gl\/hiFAPUNbVS9xLytw6<\/a><\/figcaption><\/figure><\/div>\n\n\n\n<p><a href=\"https:\/\/halconerasdesanchocuarto.com\/granja-escuela.php\">https:\/\/halconerasdesanchocuarto.com\/granja-escuela.php<\/a><\/p>\n\n\n\n<p><\/p>\n\n\n\n<p><\/p>\n","protected":false},"excerpt":{"rendered":"<p>La Granja-Escuela es un&nbsp;aula de la naturaleza&nbsp;ubicada junto al meandro en el soto la Sardilla, muy cerca de los r\u00edos Arga y Arag\u00f3n, al pie del barranco del Pe\u00f1al\u00e9n, donde confluyen varios ecosistemas: el fluvial, el escarpe de yesos, el monte bajo y sobre este la zona esteparia. Confiere a este espacio una gran biodiversidad &hellip; <a href=\"https:\/\/cplorenzogoicoa.educacion.navarra.es\/blogs\/blog\/2019\/05\/31\/halconeras\/\" class=\"more-link\">Seguir leyendo <span class=\"screen-reader-text\">halconeras,3\u00baep<\/span> <span class=\"meta-nav\">&rarr;<\/span><\/a><\/p>\n","protected":false},"author":1,"featured_media":0,"comment_status":"open","ping_status":"open","sticky":false,"template":"","format":"standard","meta":[],"categories":[144],"tags":[],"_links":{"self":[{"href":"https:\/\/cplorenzogoicoa.educacion.navarra.es\/blogs\/wp-json\/wp\/v2\/posts\/6260"}],"collection":[{"href":"https:\/\/cplorenzogoicoa.educacion.navarra.es\/blogs\/wp-json\/wp\/v2\/posts"}],"about":[{"href":"https:\/\/cplorenzogoicoa.educacion.navarra.es\/blogs\/wp-json\/wp\/v2\/types\/post"}],"author":[{"embeddable":true,"href":"https:\/\/cplorenzogoicoa.educacion.navarra.es\/blogs\/wp-json\/wp\/v2\/users\/1"}],"replies":[{"embeddable":true,"href":"https:\/\/cplorenzogoicoa.educacion.navarra.es\/blogs\/wp-json\/wp\/v2\/comments?post=6260"}],"version-history":[{"count":3,"href":"https:\/\/cplorenzogoicoa.educacion.navarra.es\/blogs\/wp-json\/wp\/v2\/posts\/6260\/revisions"}],"predecessor-version":[{"id":11604,"href":"https:\/\/cplorenzogoicoa.educacion.navarra.es\/blogs\/wp-json\/wp\/v2\/posts\/6260\/revisions\/11604"}],"wp:attachment":[{"href":"https:\/\/cplorenzogoicoa.educacion.navarra.es\/blogs\/wp-json\/wp\/v2\/media?parent=6260"}],"wp:term":[{"taxonomy":"category","embeddable":true,"href":"https:\/\/cplorenzogoicoa.educacion.navarra.es\/blogs\/wp-json\/wp\/v2\/categories?post=6260"},{"taxonomy":"post_tag","embeddable":true,"href":"https:\/\/cplorenzogoicoa.educacion.navarra.es\/blogs\/wp-json\/wp\/v2\/tags?post=6260"}],"curies":[{"name":"wp","href":"https:\/\/api.w.org\/{rel}","templated":true}]}}