{"id":6272,"date":"2019-06-06T22:37:49","date_gmt":"2019-06-06T20:37:49","guid":{"rendered":"http:\/\/cplorenzogoicoa.educacion.navarra.es\/blogs\/?p=6272"},"modified":"2025-05-09T10:24:52","modified_gmt":"2025-05-09T08:24:52","slug":"visita-a-la-escuela-de-musica-de-burlada-1oei","status":"publish","type":"post","link":"https:\/\/cplorenzogoicoa.educacion.navarra.es\/blogs\/blog\/2019\/06\/06\/visita-a-la-escuela-de-musica-de-burlada-1oei\/","title":{"rendered":"VISITA A LA ESCUELA DE M\u00daSICA DE BURLADA 1\u00baei"},"content":{"rendered":"\n<p>El <strong>Mi\u00e9rcoles 29 de Mayo<\/strong> los alumnos de Educaci\u00f3n Infantil, 1\u00ba y 2\u00ba E. Primaria realizamos una salida a la Escuela de M\u00fasica de Burlada. El Objetivo es fomentar el gusto por la m\u00fasica y favorecer el acercamiento hacia el aprendizaje. Todos participamos de los distintos momentos musicales que acompa\u00f1aban al Cuento de Martina.<\/p>\n\n\n\n<figure class=\"wp-block-image is-resized\"><img loading=\"lazy\" src=\"http:\/\/cplorenzogoicoa.educacion.navarra.es\/blogs\/wp-content\/uploads\/2019\/06\/IMG_20190529_105438-1-1024x768.jpg\" alt=\"\" class=\"wp-image-6273\" width=\"385\" height=\"288\" srcset=\"https:\/\/cplorenzogoicoa.educacion.navarra.es\/blogs\/wp-content\/uploads\/2019\/06\/IMG_20190529_105438-1-1024x768.jpg 1024w, https:\/\/cplorenzogoicoa.educacion.navarra.es\/blogs\/wp-content\/uploads\/2019\/06\/IMG_20190529_105438-1-300x225.jpg 300w, https:\/\/cplorenzogoicoa.educacion.navarra.es\/blogs\/wp-content\/uploads\/2019\/06\/IMG_20190529_105438-1-768x576.jpg 768w\" sizes=\"(max-width: 385px) 100vw, 385px\" \/><figcaption>ENLACE: <a href=\"https:\/\/photos.app.goo.gl\/tHBxN9uWAZNahN129\">https:\/\/photos.app.goo.gl\/tHBxN9uWAZNahN129<\/a><\/figcaption><\/figure>\n","protected":false},"excerpt":{"rendered":"<p>El Mi\u00e9rcoles 29 de Mayo los alumnos de Educaci\u00f3n Infantil, 1\u00ba y 2\u00ba E. Primaria realizamos una salida a la Escuela de M\u00fasica de Burlada. El Objetivo es fomentar el gusto por la m\u00fasica y favorecer el acercamiento hacia el aprendizaje. Todos participamos de los distintos momentos musicales que acompa\u00f1aban al Cuento de Martina.<\/p>\n","protected":false},"author":6,"featured_media":0,"comment_status":"open","ping_status":"open","sticky":false,"template":"","format":"standard","meta":[],"categories":[76],"tags":[],"_links":{"self":[{"href":"https:\/\/cplorenzogoicoa.educacion.navarra.es\/blogs\/wp-json\/wp\/v2\/posts\/6272"}],"collection":[{"href":"https:\/\/cplorenzogoicoa.educacion.navarra.es\/blogs\/wp-json\/wp\/v2\/posts"}],"about":[{"href":"https:\/\/cplorenzogoicoa.educacion.navarra.es\/blogs\/wp-json\/wp\/v2\/types\/post"}],"author":[{"embeddable":true,"href":"https:\/\/cplorenzogoicoa.educacion.navarra.es\/blogs\/wp-json\/wp\/v2\/users\/6"}],"replies":[{"embeddable":true,"href":"https:\/\/cplorenzogoicoa.educacion.navarra.es\/blogs\/wp-json\/wp\/v2\/comments?post=6272"}],"version-history":[{"count":2,"href":"https:\/\/cplorenzogoicoa.educacion.navarra.es\/blogs\/wp-json\/wp\/v2\/posts\/6272\/revisions"}],"predecessor-version":[{"id":11601,"href":"https:\/\/cplorenzogoicoa.educacion.navarra.es\/blogs\/wp-json\/wp\/v2\/posts\/6272\/revisions\/11601"}],"wp:attachment":[{"href":"https:\/\/cplorenzogoicoa.educacion.navarra.es\/blogs\/wp-json\/wp\/v2\/media?parent=6272"}],"wp:term":[{"taxonomy":"category","embeddable":true,"href":"https:\/\/cplorenzogoicoa.educacion.navarra.es\/blogs\/wp-json\/wp\/v2\/categories?post=6272"},{"taxonomy":"post_tag","embeddable":true,"href":"https:\/\/cplorenzogoicoa.educacion.navarra.es\/blogs\/wp-json\/wp\/v2\/tags?post=6272"}],"curies":[{"name":"wp","href":"https:\/\/api.w.org\/{rel}","templated":true}]}}