{"id":7552,"date":"2020-09-04T10:57:06","date_gmt":"2020-09-04T08:57:06","guid":{"rendered":"https:\/\/cplorenzogoicoa.educacion.navarra.es\/blogs\/?p=7552"},"modified":"2020-09-04T10:57:06","modified_gmt":"2020-09-04T08:57:06","slug":"peticion-becas-comedor-ayuntamiento-de-villava","status":"publish","type":"post","link":"https:\/\/cplorenzogoicoa.educacion.navarra.es\/blogs\/blog\/2020\/09\/04\/peticion-becas-comedor-ayuntamiento-de-villava\/","title":{"rendered":"PETICI\u00d3N BECAS COMEDOR AYUNTAMIENTO DE VILLAVA"},"content":{"rendered":"\n<p>Estimadas  familias,<\/p>\n\n\n\n<p><strong>desde el pr\u00f3ximo lunes, d\u00eda 7, hasta el d\u00eda 25 de septiembre<\/strong>, comienza el periodo de<strong> solicitud de becas<\/strong> para comedor del Ayuntamiento de Villava. <\/p>\n\n\n\n<p>Os pido que lo hagais en la mayor brevedad posible, ya que es imprescindible conocer el n\u00famero de becados para  ver si quedan plazas para el resto de alumnado.<\/p>\n\n\n\n<p>Este es el enlace para acceder a la p\u00e1gina del Ayuntamiento y ver los requisitos necesarios:<\/p>\n\n\n\n<p><a href=\"https:\/\/www.villava.es\/noticias\/solicitud-de-ayudas-a-familias-para-el-comedor-escolar-6\/\">https:\/\/www.villava.es\/noticias\/solicitud-de-ayudas-a-familias-para-el-comedor-escolar-6\/<\/a><\/p>\n\n\n\n<p>Muchas gracias<\/p>\n","protected":false},"excerpt":{"rendered":"<p>Estimadas familias, desde el pr\u00f3ximo lunes, d\u00eda 7, hasta el d\u00eda 25 de septiembre, comienza el periodo de solicitud de becas para comedor del Ayuntamiento de Villava. Os pido que lo hagais en la mayor brevedad posible, ya que es imprescindible conocer el n\u00famero de becados para ver si quedan plazas para el resto de &hellip; <a href=\"https:\/\/cplorenzogoicoa.educacion.navarra.es\/blogs\/blog\/2020\/09\/04\/peticion-becas-comedor-ayuntamiento-de-villava\/\" class=\"more-link\">Seguir leyendo <span class=\"screen-reader-text\">PETICI\u00d3N BECAS COMEDOR AYUNTAMIENTO DE VILLAVA<\/span> <span class=\"meta-nav\">&rarr;<\/span><\/a><\/p>\n","protected":false},"author":1,"featured_media":0,"comment_status":"open","ping_status":"open","sticky":false,"template":"","format":"standard","meta":[],"categories":[1],"tags":[],"_links":{"self":[{"href":"https:\/\/cplorenzogoicoa.educacion.navarra.es\/blogs\/wp-json\/wp\/v2\/posts\/7552"}],"collection":[{"href":"https:\/\/cplorenzogoicoa.educacion.navarra.es\/blogs\/wp-json\/wp\/v2\/posts"}],"about":[{"href":"https:\/\/cplorenzogoicoa.educacion.navarra.es\/blogs\/wp-json\/wp\/v2\/types\/post"}],"author":[{"embeddable":true,"href":"https:\/\/cplorenzogoicoa.educacion.navarra.es\/blogs\/wp-json\/wp\/v2\/users\/1"}],"replies":[{"embeddable":true,"href":"https:\/\/cplorenzogoicoa.educacion.navarra.es\/blogs\/wp-json\/wp\/v2\/comments?post=7552"}],"version-history":[{"count":2,"href":"https:\/\/cplorenzogoicoa.educacion.navarra.es\/blogs\/wp-json\/wp\/v2\/posts\/7552\/revisions"}],"predecessor-version":[{"id":7554,"href":"https:\/\/cplorenzogoicoa.educacion.navarra.es\/blogs\/wp-json\/wp\/v2\/posts\/7552\/revisions\/7554"}],"wp:attachment":[{"href":"https:\/\/cplorenzogoicoa.educacion.navarra.es\/blogs\/wp-json\/wp\/v2\/media?parent=7552"}],"wp:term":[{"taxonomy":"category","embeddable":true,"href":"https:\/\/cplorenzogoicoa.educacion.navarra.es\/blogs\/wp-json\/wp\/v2\/categories?post=7552"},{"taxonomy":"post_tag","embeddable":true,"href":"https:\/\/cplorenzogoicoa.educacion.navarra.es\/blogs\/wp-json\/wp\/v2\/tags?post=7552"}],"curies":[{"name":"wp","href":"https:\/\/api.w.org\/{rel}","templated":true}]}}