{"id":9077,"date":"2021-10-06T13:27:17","date_gmt":"2021-10-06T11:27:17","guid":{"rendered":"https:\/\/cplorenzogoicoa.educacion.navarra.es\/blogs\/?p=9077"},"modified":"2021-10-06T13:31:06","modified_gmt":"2021-10-06T11:31:06","slug":"musica-para-conocernos","status":"publish","type":"post","link":"https:\/\/cplorenzogoicoa.educacion.navarra.es\/blogs\/blog\/2021\/10\/06\/musica-para-conocernos\/","title":{"rendered":"M\u00daSICA PARA CONOCERNOS"},"content":{"rendered":"\n<div class=\"wp-block-image\"><figure class=\"aligncenter is-resized\"><img loading=\"lazy\" src=\"https:\/\/cplorenzogoicoa.educacion.navarra.es\/blogs\/wp-content\/uploads\/2021\/10\/IMG_20210908_105746-1.jpg\" alt=\"\" class=\"wp-image-9080\" width=\"527\" height=\"325\" srcset=\"https:\/\/cplorenzogoicoa.educacion.navarra.es\/blogs\/wp-content\/uploads\/2021\/10\/IMG_20210908_105746-1.jpg 651w, https:\/\/cplorenzogoicoa.educacion.navarra.es\/blogs\/wp-content\/uploads\/2021\/10\/IMG_20210908_105746-1-300x185.jpg 300w\" sizes=\"(max-width: 527px) 100vw, 527px\" \/><figcaption>5\u00ba C<\/figcaption><\/figure><\/div>\n\n\n\n<p>En el \u00e1rea de M\u00fasica hemos dedicado las primeras sesiones del mes de septiembre a conocernos. Y \u00bfqu\u00e9 mejor manera de hacerlo que a trav\u00e9s de la m\u00fasica? <\/p>\n\n\n\n<p>La \u00abtela de ara\u00f1a\u00bb es una din\u00e1mica grupal que pretende fomentar el sentimiento de pertenencia al grupo.  Los alumnos y las alumnas se han presentado al resto dando a conocer las m\u00fasicas o grupos musicales con los que ellos y ellas se identifican. Han compartido con el grupo por qu\u00e9 les gustan esas m\u00fasicas. Hemos utilizado un ovillo de lana que lanzamos a otro compa\u00f1ero o compa\u00f1era  cada vez que terminamos de presentarnos. As\u00ed, poco a poco,  al finalizar se  ha formado una gran red o tela de ara\u00f1a mediante la cual quedamos todos unidos.  Vemos en la foto al alumnado de 5\u00ba C. <\/p>\n\n\n\n<p>Al finalizar las sesiones hemos llegado a la conclusi\u00f3n de que nuestra clase es como el mundo, pero en peque\u00f1ito. La variedad de personas, gustos, m\u00fasicas y culturas de nuestras aulas son el reflejo de nuestro mundo: un crisol cultural del que aprender y enriquecernos. <\/p>\n\n\n\n<p><\/p>\n\n\n\n<p><\/p>\n","protected":false},"excerpt":{"rendered":"<p>En el \u00e1rea de M\u00fasica hemos dedicado las primeras sesiones del mes de septiembre a conocernos. Y \u00bfqu\u00e9 mejor manera de hacerlo que a trav\u00e9s de la m\u00fasica? La \u00abtela de ara\u00f1a\u00bb es una din\u00e1mica grupal que pretende fomentar el sentimiento de pertenencia al grupo. Los alumnos y las alumnas se han presentado al resto &hellip; <a href=\"https:\/\/cplorenzogoicoa.educacion.navarra.es\/blogs\/blog\/2021\/10\/06\/musica-para-conocernos\/\" class=\"more-link\">Seguir leyendo <span class=\"screen-reader-text\">M\u00daSICA PARA CONOCERNOS<\/span> <span class=\"meta-nav\">&rarr;<\/span><\/a><\/p>\n","protected":false},"author":9,"featured_media":0,"comment_status":"open","ping_status":"open","sticky":false,"template":"","format":"standard","meta":[],"categories":[1],"tags":[],"_links":{"self":[{"href":"https:\/\/cplorenzogoicoa.educacion.navarra.es\/blogs\/wp-json\/wp\/v2\/posts\/9077"}],"collection":[{"href":"https:\/\/cplorenzogoicoa.educacion.navarra.es\/blogs\/wp-json\/wp\/v2\/posts"}],"about":[{"href":"https:\/\/cplorenzogoicoa.educacion.navarra.es\/blogs\/wp-json\/wp\/v2\/types\/post"}],"author":[{"embeddable":true,"href":"https:\/\/cplorenzogoicoa.educacion.navarra.es\/blogs\/wp-json\/wp\/v2\/users\/9"}],"replies":[{"embeddable":true,"href":"https:\/\/cplorenzogoicoa.educacion.navarra.es\/blogs\/wp-json\/wp\/v2\/comments?post=9077"}],"version-history":[{"count":3,"href":"https:\/\/cplorenzogoicoa.educacion.navarra.es\/blogs\/wp-json\/wp\/v2\/posts\/9077\/revisions"}],"predecessor-version":[{"id":9083,"href":"https:\/\/cplorenzogoicoa.educacion.navarra.es\/blogs\/wp-json\/wp\/v2\/posts\/9077\/revisions\/9083"}],"wp:attachment":[{"href":"https:\/\/cplorenzogoicoa.educacion.navarra.es\/blogs\/wp-json\/wp\/v2\/media?parent=9077"}],"wp:term":[{"taxonomy":"category","embeddable":true,"href":"https:\/\/cplorenzogoicoa.educacion.navarra.es\/blogs\/wp-json\/wp\/v2\/categories?post=9077"},{"taxonomy":"post_tag","embeddable":true,"href":"https:\/\/cplorenzogoicoa.educacion.navarra.es\/blogs\/wp-json\/wp\/v2\/tags?post=9077"}],"curies":[{"name":"wp","href":"https:\/\/api.w.org\/{rel}","templated":true}]}}