{"id":9171,"date":"2025-05-08T14:39:31","date_gmt":"2025-05-08T12:39:31","guid":{"rendered":"https:\/\/cplorenzogoicoa.educacion.navarra.es\/blogs\/?p=9171"},"modified":"2025-05-08T14:39:31","modified_gmt":"2025-05-08T12:39:31","slug":"concurso-fotografia-halloween","status":"publish","type":"post","link":"https:\/\/cplorenzogoicoa.educacion.navarra.es\/blogs\/blog\/2025\/05\/08\/concurso-fotografia-halloween\/","title":{"rendered":"CONCURSO FOTOGRAFIA HALLOWEEN"},"content":{"rendered":"\n<p>La Apyma organiz\u00f3 un Concurso de fotograf\u00eda para Halloween. <\/p>\n\n\n\n<p>A continuaci\u00f3n os presentamos a los ganadores y ganadores de cada clase. <\/p>\n\n\n\n<p>De cada nivel, se ha elegido tambi\u00e9n una de las fotograf\u00edas para que participe en el Concurso que organiza Britila (alumnado que aparece en amarillo).<\/p>\n\n\n\n<p>Muchas gracias a todo el alumnado participante y mucha suerte para los que tene\u00eds posibilidades de ganar<\/p>\n","protected":false},"excerpt":{"rendered":"<p>La Apyma organiz\u00f3 un Concurso de fotograf\u00eda para Halloween. A continuaci\u00f3n os presentamos a los ganadores y ganadores de cada clase. De cada nivel, se ha elegido tambi\u00e9n una de las fotograf\u00edas para que participe en el Concurso que organiza Britila (alumnado que aparece en amarillo). Muchas gracias a todo el alumnado participante y mucha &hellip; <a href=\"https:\/\/cplorenzogoicoa.educacion.navarra.es\/blogs\/blog\/2025\/05\/08\/concurso-fotografia-halloween\/\" class=\"more-link\">Seguir leyendo <span class=\"screen-reader-text\">CONCURSO FOTOGRAFIA HALLOWEEN<\/span> <span class=\"meta-nav\">&rarr;<\/span><\/a><\/p>\n","protected":false},"author":1,"featured_media":0,"comment_status":"open","ping_status":"open","sticky":false,"template":"","format":"standard","meta":[],"categories":[1],"tags":[],"_links":{"self":[{"href":"https:\/\/cplorenzogoicoa.educacion.navarra.es\/blogs\/wp-json\/wp\/v2\/posts\/9171"}],"collection":[{"href":"https:\/\/cplorenzogoicoa.educacion.navarra.es\/blogs\/wp-json\/wp\/v2\/posts"}],"about":[{"href":"https:\/\/cplorenzogoicoa.educacion.navarra.es\/blogs\/wp-json\/wp\/v2\/types\/post"}],"author":[{"embeddable":true,"href":"https:\/\/cplorenzogoicoa.educacion.navarra.es\/blogs\/wp-json\/wp\/v2\/users\/1"}],"replies":[{"embeddable":true,"href":"https:\/\/cplorenzogoicoa.educacion.navarra.es\/blogs\/wp-json\/wp\/v2\/comments?post=9171"}],"version-history":[{"count":1,"href":"https:\/\/cplorenzogoicoa.educacion.navarra.es\/blogs\/wp-json\/wp\/v2\/posts\/9171\/revisions"}],"predecessor-version":[{"id":11377,"href":"https:\/\/cplorenzogoicoa.educacion.navarra.es\/blogs\/wp-json\/wp\/v2\/posts\/9171\/revisions\/11377"}],"wp:attachment":[{"href":"https:\/\/cplorenzogoicoa.educacion.navarra.es\/blogs\/wp-json\/wp\/v2\/media?parent=9171"}],"wp:term":[{"taxonomy":"category","embeddable":true,"href":"https:\/\/cplorenzogoicoa.educacion.navarra.es\/blogs\/wp-json\/wp\/v2\/categories?post=9171"},{"taxonomy":"post_tag","embeddable":true,"href":"https:\/\/cplorenzogoicoa.educacion.navarra.es\/blogs\/wp-json\/wp\/v2\/tags?post=9171"}],"curies":[{"name":"wp","href":"https:\/\/api.w.org\/{rel}","templated":true}]}}