{"id":9623,"date":"2022-04-03T11:57:32","date_gmt":"2022-04-03T09:57:32","guid":{"rendered":"https:\/\/cplorenzogoicoa.educacion.navarra.es\/blogs\/?p=9623"},"modified":"2025-05-08T14:21:06","modified_gmt":"2025-05-08T12:21:06","slug":"salida-parque-polo-4o-e-p","status":"publish","type":"post","link":"https:\/\/cplorenzogoicoa.educacion.navarra.es\/blogs\/blog\/2022\/04\/03\/salida-parque-polo-4o-e-p\/","title":{"rendered":"Salida Parque polo 4\u00ba E.P."},"content":{"rendered":"\n<p>Los d\u00edas 29,30 y 31 de Marzo, el alumnado de 4\u00ba de Primaria ha realizado la salida al Parque Polo. Han recibido una charla de educaci\u00f3n vial y han puesto en pr\u00e1ctica lo explicado a trav\u00e9s del circuito bien como peatones o bien como conductores de un medio de transporte: la bici. As\u00ed mismo, han tenido la oportunidad de montarse en unos peque\u00f1os Kars y realizar con ellos un peque\u00f1o recorrido. Los tres grupos han disfrutado y aprendido con esta salida. \u00a1 Se han portado genial! Van a ser unos buenos  peatones y futuros conductores.<\/p>\n\n\n\n<figure class=\"wp-block-image size-full is-resized\"><a href=\"https:\/\/cplorenzogoicoa.educacion.navarra.es\/blogs\/wp-content\/uploads\/2022\/04\/parquepolo.png\"><img loading=\"lazy\" src=\"https:\/\/cplorenzogoicoa.educacion.navarra.es\/blogs\/wp-content\/uploads\/2022\/04\/parquepolo.png\" alt=\"\" class=\"wp-image-9646\" width=\"472\" height=\"311\" srcset=\"https:\/\/cplorenzogoicoa.educacion.navarra.es\/blogs\/wp-content\/uploads\/2022\/04\/parquepolo.png 322w, https:\/\/cplorenzogoicoa.educacion.navarra.es\/blogs\/wp-content\/uploads\/2022\/04\/parquepolo-300x198.png 300w\" sizes=\"(max-width: 472px) 100vw, 472px\" \/><\/a><figcaption><a href=\"https:\/\/photos.app.goo.gl\/nnHVbmHPH6uxu3qy5\" target=\"_blank\" rel=\"noreferrer noopener\">CLICA AQU\u00cd PARA VER LAS FOTOS<\/a><\/figcaption><\/figure>\n\n\n\n<p><\/p>\n","protected":false},"excerpt":{"rendered":"<p>Los d\u00edas 29,30 y 31 de Marzo, el alumnado de 4\u00ba de Primaria ha realizado la salida al Parque Polo. Han recibido una charla de educaci\u00f3n vial y han puesto en pr\u00e1ctica lo explicado a trav\u00e9s del circuito bien como peatones o bien como conductores de un medio de transporte: la bici. As\u00ed mismo, han &hellip; <a href=\"https:\/\/cplorenzogoicoa.educacion.navarra.es\/blogs\/blog\/2022\/04\/03\/salida-parque-polo-4o-e-p\/\" class=\"more-link\">Seguir leyendo <span class=\"screen-reader-text\">Salida Parque polo 4\u00ba E.P.<\/span> <span class=\"meta-nav\">&rarr;<\/span><\/a><\/p>\n","protected":false},"author":16,"featured_media":0,"comment_status":"open","ping_status":"open","sticky":false,"template":"","format":"standard","meta":[],"categories":[142,1],"tags":[],"_links":{"self":[{"href":"https:\/\/cplorenzogoicoa.educacion.navarra.es\/blogs\/wp-json\/wp\/v2\/posts\/9623"}],"collection":[{"href":"https:\/\/cplorenzogoicoa.educacion.navarra.es\/blogs\/wp-json\/wp\/v2\/posts"}],"about":[{"href":"https:\/\/cplorenzogoicoa.educacion.navarra.es\/blogs\/wp-json\/wp\/v2\/types\/post"}],"author":[{"embeddable":true,"href":"https:\/\/cplorenzogoicoa.educacion.navarra.es\/blogs\/wp-json\/wp\/v2\/users\/16"}],"replies":[{"embeddable":true,"href":"https:\/\/cplorenzogoicoa.educacion.navarra.es\/blogs\/wp-json\/wp\/v2\/comments?post=9623"}],"version-history":[{"count":2,"href":"https:\/\/cplorenzogoicoa.educacion.navarra.es\/blogs\/wp-json\/wp\/v2\/posts\/9623\/revisions"}],"predecessor-version":[{"id":11308,"href":"https:\/\/cplorenzogoicoa.educacion.navarra.es\/blogs\/wp-json\/wp\/v2\/posts\/9623\/revisions\/11308"}],"wp:attachment":[{"href":"https:\/\/cplorenzogoicoa.educacion.navarra.es\/blogs\/wp-json\/wp\/v2\/media?parent=9623"}],"wp:term":[{"taxonomy":"category","embeddable":true,"href":"https:\/\/cplorenzogoicoa.educacion.navarra.es\/blogs\/wp-json\/wp\/v2\/categories?post=9623"},{"taxonomy":"post_tag","embeddable":true,"href":"https:\/\/cplorenzogoicoa.educacion.navarra.es\/blogs\/wp-json\/wp\/v2\/tags?post=9623"}],"curies":[{"name":"wp","href":"https:\/\/api.w.org\/{rel}","templated":true}]}}