{"id":9676,"date":"2022-04-12T08:50:53","date_gmt":"2022-04-12T06:50:53","guid":{"rendered":"https:\/\/cplorenzogoicoa.educacion.navarra.es\/blogs\/?p=9676"},"modified":"2025-05-08T14:19:39","modified_gmt":"2025-05-08T12:19:39","slug":"3oep-visita-el-museo-de-la-universidad-de-navarra","status":"publish","type":"post","link":"https:\/\/cplorenzogoicoa.educacion.navarra.es\/blogs\/blog\/2022\/04\/12\/3oep-visita-el-museo-de-la-universidad-de-navarra\/","title":{"rendered":"3\u00baEP visita el museo de la universidad de navarra"},"content":{"rendered":"\n<figure class=\"wp-block-image size-large\"><a href=\"https:\/\/cplorenzogoicoa.educacion.navarra.es\/blogs\/wp-content\/uploads\/2022\/04\/IMG_20220405_122511-scaled.jpg\"><img loading=\"lazy\" width=\"1024\" height=\"512\" src=\"https:\/\/cplorenzogoicoa.educacion.navarra.es\/blogs\/wp-content\/uploads\/2022\/04\/IMG_20220405_122511-1024x512.jpg\" alt=\"\" class=\"wp-image-9677\" srcset=\"https:\/\/cplorenzogoicoa.educacion.navarra.es\/blogs\/wp-content\/uploads\/2022\/04\/IMG_20220405_122511-1024x512.jpg 1024w, https:\/\/cplorenzogoicoa.educacion.navarra.es\/blogs\/wp-content\/uploads\/2022\/04\/IMG_20220405_122511-300x150.jpg 300w, https:\/\/cplorenzogoicoa.educacion.navarra.es\/blogs\/wp-content\/uploads\/2022\/04\/IMG_20220405_122511-768x384.jpg 768w, https:\/\/cplorenzogoicoa.educacion.navarra.es\/blogs\/wp-content\/uploads\/2022\/04\/IMG_20220405_122511-1536x768.jpg 1536w, https:\/\/cplorenzogoicoa.educacion.navarra.es\/blogs\/wp-content\/uploads\/2022\/04\/IMG_20220405_122511-2048x1024.jpg 2048w\" sizes=\"(max-width: 1024px) 100vw, 1024px\" \/><\/a><\/figure>\n\n\n\n<p class=\"has-normal-font-size\">Este martes los chicos y chicas de 3\u00ba de Primaria hemos visitado el Museo de la Universidad. Despu\u00e9s de recorrer alguna de sus salas y tras interpretar algunas obras de artistas importantes, incluido un Picasso, hemos tenido la oportunidad de participar en la reproducci\u00f3n a gran escala de uno de los cuadros de Luis Feito. Tambi\u00e9n hemos dado rienda suelta a nuestra imaginaci\u00f3n plasmando muchas emociones en nuestros cuadros.<\/p>\n\n\n\n<p>Pinchando a continuaci\u00f3n acceder\u00e9is al resto de las fotograf\u00edas.<\/p>\n\n\n\n<p class=\"has-green-color has-text-color\"><a href=\"https:\/\/photos.google.com\/share\/AF1QipPNk7xejh4jk5FZUWRUUb1rurCzF38F1VTU8GcD8eqsHTjRS7IKY65hJgk45moi9w\" data-type=\"URL\" data-id=\"https:\/\/photos.google.com\/share\/AF1QipPNk7xejh4jk5FZUWRUUb1rurCzF38F1VTU8GcD8eqsHTjRS7IKY65hJgk45moi9w\" target=\"_blank\" rel=\"noreferrer noopener\">GALER\u00cdA DE FOTOS<\/a><\/p>\n","protected":false},"excerpt":{"rendered":"<p>Este martes los chicos y chicas de 3\u00ba de Primaria hemos visitado el Museo de la Universidad. Despu\u00e9s de recorrer alguna de sus salas y tras interpretar algunas obras de artistas importantes, incluido un Picasso, hemos tenido la oportunidad de participar en la reproducci\u00f3n a gran escala de uno de los cuadros de Luis Feito. &hellip; <a href=\"https:\/\/cplorenzogoicoa.educacion.navarra.es\/blogs\/blog\/2022\/04\/12\/3oep-visita-el-museo-de-la-universidad-de-navarra\/\" class=\"more-link\">Seguir leyendo <span class=\"screen-reader-text\">3\u00baEP visita el museo de la universidad de navarra<\/span> <span class=\"meta-nav\">&rarr;<\/span><\/a><\/p>\n","protected":false},"author":15,"featured_media":0,"comment_status":"open","ping_status":"open","sticky":false,"template":"","format":"gallery","meta":[],"categories":[1],"tags":[],"_links":{"self":[{"href":"https:\/\/cplorenzogoicoa.educacion.navarra.es\/blogs\/wp-json\/wp\/v2\/posts\/9676"}],"collection":[{"href":"https:\/\/cplorenzogoicoa.educacion.navarra.es\/blogs\/wp-json\/wp\/v2\/posts"}],"about":[{"href":"https:\/\/cplorenzogoicoa.educacion.navarra.es\/blogs\/wp-json\/wp\/v2\/types\/post"}],"author":[{"embeddable":true,"href":"https:\/\/cplorenzogoicoa.educacion.navarra.es\/blogs\/wp-json\/wp\/v2\/users\/15"}],"replies":[{"embeddable":true,"href":"https:\/\/cplorenzogoicoa.educacion.navarra.es\/blogs\/wp-json\/wp\/v2\/comments?post=9676"}],"version-history":[{"count":6,"href":"https:\/\/cplorenzogoicoa.educacion.navarra.es\/blogs\/wp-json\/wp\/v2\/posts\/9676\/revisions"}],"predecessor-version":[{"id":11304,"href":"https:\/\/cplorenzogoicoa.educacion.navarra.es\/blogs\/wp-json\/wp\/v2\/posts\/9676\/revisions\/11304"}],"wp:attachment":[{"href":"https:\/\/cplorenzogoicoa.educacion.navarra.es\/blogs\/wp-json\/wp\/v2\/media?parent=9676"}],"wp:term":[{"taxonomy":"category","embeddable":true,"href":"https:\/\/cplorenzogoicoa.educacion.navarra.es\/blogs\/wp-json\/wp\/v2\/categories?post=9676"},{"taxonomy":"post_tag","embeddable":true,"href":"https:\/\/cplorenzogoicoa.educacion.navarra.es\/blogs\/wp-json\/wp\/v2\/tags?post=9676"}],"curies":[{"name":"wp","href":"https:\/\/api.w.org\/{rel}","templated":true}]}}