{"id":9770,"date":"2022-05-10T13:13:04","date_gmt":"2022-05-10T11:13:04","guid":{"rendered":"https:\/\/cplorenzogoicoa.educacion.navarra.es\/blogs\/?p=9770"},"modified":"2025-02-06T14:00:00","modified_gmt":"2025-02-06T13:00:00","slug":"profesorado-europeo-en-el-centro","status":"publish","type":"post","link":"https:\/\/cplorenzogoicoa.educacion.navarra.es\/blogs\/blog\/2022\/05\/10\/profesorado-europeo-en-el-centro\/","title":{"rendered":"PROYECTO ACREDITADO ERASMUS + CREENA"},"content":{"rendered":"\n<p>Nuestro centro forma parte del <a href=\"https:\/\/creena.educacion.navarra.es\/web\/erasmusmovilidades\/\" target=\"_blank\" rel=\"noreferrer noopener\">proyecto de Erasmus + de Creena<\/a>.  Este programa de movilidades permite a los centros educativos europeos asociados  aprender y compartir sobre inclusi\u00f3n.<\/p>\n\n\n\n<p>El profesorado de nuestro centro tiene la posibilidad de visitar colegios en diferentes pa\u00edses de Europa.<\/p>\n\n\n\n<p>Adem\u00e1s nuestro centro acoge a profesorado que viene de otros pa\u00edses.<\/p>\n\n\n\n<p class=\"has-text-align-center\">\u00a1\u00a1EST\u00c1 SIENDO UNA GRATA EXPERIENCIA!!<\/p>\n\n\n\n<p><\/p>\n\n\n\n<p class=\"has-text-align-center\"><\/p>\n\n\n\n<p><\/p>\n","protected":false},"excerpt":{"rendered":"<p>Nuestro centro forma parte del proyecto de Erasmus + de Creena. Este programa de movilidades permite a los centros educativos europeos asociados aprender y compartir sobre inclusi\u00f3n. El profesorado de nuestro centro tiene la posibilidad de visitar colegios en diferentes pa\u00edses de Europa. Adem\u00e1s nuestro centro acoge a profesorado que viene de otros pa\u00edses. \u00a1\u00a1EST\u00c1 &hellip; <a href=\"https:\/\/cplorenzogoicoa.educacion.navarra.es\/blogs\/blog\/2022\/05\/10\/profesorado-europeo-en-el-centro\/\" class=\"more-link\">Seguir leyendo <span class=\"screen-reader-text\">PROYECTO ACREDITADO ERASMUS + CREENA<\/span> <span class=\"meta-nav\">&rarr;<\/span><\/a><\/p>\n","protected":false},"author":1,"featured_media":11084,"comment_status":"open","ping_status":"open","sticky":true,"template":"","format":"standard","meta":[],"categories":[1],"tags":[],"_links":{"self":[{"href":"https:\/\/cplorenzogoicoa.educacion.navarra.es\/blogs\/wp-json\/wp\/v2\/posts\/9770"}],"collection":[{"href":"https:\/\/cplorenzogoicoa.educacion.navarra.es\/blogs\/wp-json\/wp\/v2\/posts"}],"about":[{"href":"https:\/\/cplorenzogoicoa.educacion.navarra.es\/blogs\/wp-json\/wp\/v2\/types\/post"}],"author":[{"embeddable":true,"href":"https:\/\/cplorenzogoicoa.educacion.navarra.es\/blogs\/wp-json\/wp\/v2\/users\/1"}],"replies":[{"embeddable":true,"href":"https:\/\/cplorenzogoicoa.educacion.navarra.es\/blogs\/wp-json\/wp\/v2\/comments?post=9770"}],"version-history":[{"count":4,"href":"https:\/\/cplorenzogoicoa.educacion.navarra.es\/blogs\/wp-json\/wp\/v2\/posts\/9770\/revisions"}],"predecessor-version":[{"id":11086,"href":"https:\/\/cplorenzogoicoa.educacion.navarra.es\/blogs\/wp-json\/wp\/v2\/posts\/9770\/revisions\/11086"}],"wp:featuredmedia":[{"embeddable":true,"href":"https:\/\/cplorenzogoicoa.educacion.navarra.es\/blogs\/wp-json\/wp\/v2\/media\/11084"}],"wp:attachment":[{"href":"https:\/\/cplorenzogoicoa.educacion.navarra.es\/blogs\/wp-json\/wp\/v2\/media?parent=9770"}],"wp:term":[{"taxonomy":"category","embeddable":true,"href":"https:\/\/cplorenzogoicoa.educacion.navarra.es\/blogs\/wp-json\/wp\/v2\/categories?post=9770"},{"taxonomy":"post_tag","embeddable":true,"href":"https:\/\/cplorenzogoicoa.educacion.navarra.es\/blogs\/wp-json\/wp\/v2\/tags?post=9770"}],"curies":[{"name":"wp","href":"https:\/\/api.w.org\/{rel}","templated":true}]}}